{"id":4866,"date":"2014-02-11T15:01:04","date_gmt":"2014-02-11T14:01:04","guid":{"rendered":"https:\/\/ambtirana.esteri.it\/news\/dall_ambasciata\/2014\/02\/convenzione-progetto-scienze-per-diplomazia-2\/"},"modified":"2014-02-11T15:01:04","modified_gmt":"2014-02-11T14:01:04","slug":"convenzione-progetto-scienze-per-diplomazia-2","status":"publish","type":"post","link":"https:\/\/ambtirana.esteri.it\/sq\/news\/dall_ambasciata\/2014\/02\/convenzione-progetto-scienze-per-diplomazia-2\/","title":{"rendered":"Bursa Studimi per projektin \u201cShkenca p\u00ebr DIPLOMACINE\u201d."},"content":{"rendered":"<p><P>Ambasada e Italis\u00eb n\u00eb Tiran\u00eb b\u00ebn me dije se Drejtoria e P\u00ebrgjithshme p\u00ebr Bashk\u00ebpunimin p\u00ebr Zhvillim t\u00eb Ministris\u00eb s\u00eb Pun\u00ebve t\u00eb Jashtme italiane dhe K\u00ebshilli Komb\u00ebtar i K\u00ebrkimeve (KKK) kan\u00eb firmosur nj\u00eb marr\u00ebveshje p\u00ebr realizimin e projektit \u201cShkenca p\u00ebr DIPLOMACINE\u201d. B\u00ebhet fjal\u00eb p\u00ebr nj\u00eb program formimi n\u00eb disa sektor\u00eb, t\u00eb financuar nga Kooperacioni p\u00ebr Zhvillim. <\/P><P>Projekti mb\u00ebshtet capacity building institucional dhe forcimin e qeverisjes t\u00eb Vendeve p\u00ebrfituese n\u00ebp\u00ebrmjet trajnimit t\u00eb ekspert\u00ebve n\u00eb makro-rajonet e lidhur me inxhinierin\u00eb detare, shkencat agroushqimore dhe trash\u00ebgimin\u00eb kulturore. N\u00eb t\u00eb tre makro-rajonet e trajnimit, Italia z\u00eb nj\u00eb vend t\u00eb padiskutuesh\u00ebm referimi n\u00eb programe k\u00ebrkimi nd\u00ebrkomb\u00ebtare, duke q\u00ebn\u00eb shpesh vend lider n\u00eb nivel bot\u00ebror (agroushqimore, administrim t\u00eb trash\u00ebgimis\u00eb kulturore me teknologji t\u00eb avancuara etj.). Insitutet dhe KKK e p\u00ebrfshira, t\u00eb cilat shpesh operojn\u00eb n\u00eb kuad\u00ebr t\u00eb marr\u00ebveshjeve kulturore me vendet p\u00ebrfituese, praktikojn\u00eb nj\u00eb formim tekniko-shkencor dhe humanist n\u00eb gj\u00ebndje p\u00ebr t\u00eb formuar profile profesionale shum\u00eb t\u00eb specializuar. Objektivat e ndjekur jan\u00eb nga nj\u00ebra an\u00eb futja e personelit t\u00eb trajnuar n\u00eb mjedisin social-ekonomik t\u00eb vendit t\u00eb origjin\u00ebs dhe nga tjetra nj\u00eb rritje t\u00eb sinergjive dhe t\u00eb lidhjeve midis Italis\u00eb dhe Vendeve t\u00eb origjin\u00ebs s\u00eb bursist\u00ebve.<BR>N\u00eb optik\u00ebn e forcimit t\u00eb capacity building institucional dhe t\u00eb qeverisjes, kurset e trajnimit do t\u00eb kontribuojn\u00eb n\u00eb zhvillimin social ekonomik t\u00eb Vendeve t\u00eb interesuara. <\/P><br \/>\n<P>Projekti i drejtohet 70 t\u00eb rinjve t\u00eb diplomuar dhe funksionar\u00ebve q\u00eb vijn\u00eb nga Vendet e zon\u00ebs ballkanike, Afrik\u00ebs s\u00eb Veriut dhe Lindjes s\u00eb Mesme (Shqip\u00ebri, Mal i Zi, Serbi, Bosnj\u00eb, Egjypt, Tunizi, Marok dhe Liban), t\u00eb cil\u00ebve do t\u2019u sigurohet nj\u00eb mb\u00ebshtetje e duhur logjistike dhe administrative gjat\u00eb q\u00ebndrimit t\u00eb tyre n\u00eb Itali. <\/P><br \/>\n<P>Kurset e formimit, me nj\u00eb koh\u00ebzgjatje 6 mujore, do t\u00eb jen\u00eb si vijon:<BR>\u2022\u00a0Qeverisje e politikave detare dhe t\u00eb peshkimit (28 vende);<BR>\u2022\u00a0Administrim dhe p\u00ebrdorim t\u00eb burimeve agroushqimore me q\u00ebllim zhvillimin e q\u00ebndruesh\u00ebm t\u00eb bujq\u00ebsis\u00eb, t\u00eb pyjeve dhe zbutjes s\u00eb pasojave t\u00eb ndryshimeve klimatike (28 vende);<BR>\u2022\u00a0Qeverisje e njohurive, administrimit, ruajtjes, vler\u00ebsimit dhe p\u00ebrdorimit t\u00eb q\u00ebndruesh\u00ebm t\u00eb Trash\u00ebgimive Kulturore (14 vende).<BR>P\u00ebrzgjedhja e bursist\u00ebve do t\u00eb kryhet n\u00eb bashk\u00ebpunim midis Ambasad\u00ebs s\u00eb Italis\u00eb dhe KKK; oferta e trajnimit do t\u00eb jet\u00eb \u201ccustomertailored\u201d, me synimin t\u00eb leht\u00ebsoj\u00eb, n\u00eb p\u00ebrfundim t\u00eb kursit t\u00eb specializimit, riintegrimin efektiv t\u00eb bursist\u00ebve t\u00eb specializuar n\u00eb mjedisin social-economik t\u00eb origjin\u00ebs. <\/P><br \/>\n<P>T\u00eb interesuarit mund t\u00eb konsultojn\u00eb faqen e internetit t\u00eb K\u00ebshillit Komb\u00ebtar t\u00eb K\u00ebrkimeve (KKK) p\u00ebr t\u00eb njohur pro\u00e7edur\u00ebn q\u00eb do t\u00eb ndiqet p\u00ebr propozimin e kandidatur\u00ebs <A id=\"kliko k\u00ebtu\" href=\"http:\/\/www.cnr.it\/sitocnr\/IlCNR\/Attivita\/Attivitainternazionali\/Diplomazia.html\" name=\"kliko k\u00ebtu\">kliko k\u00ebtu<\/A>.\u00a0 <\/P><br \/>\n<P>Theksohet se afati i fundit p\u00ebr d\u00ebrgimin on-line t\u00eb k\u00ebrkesave t\u00eb parashikuar nga shpallja \u00ebsht\u00eb caktuar p\u00ebr n\u00eb dat\u00ebn: 28\/02\/2014 ora 15.00 CET.<BR><\/P><\/p>\n","protected":false},"excerpt":{"rendered":"Ambasada e Italis\u00eb n\u00eb Tiran\u00eb b\u00ebn me dije se Drejtoria e P\u00ebrgjithshme p\u00ebr Bashk\u00ebpunimin p\u00ebr Zhvillim t\u00eb Ministris\u00eb s\u00eb Pun\u00ebve t\u00eb Jashtme italiane dhe K\u00ebshilli Komb\u00ebtar i K\u00ebrkimeve (KKK) kan\u00eb firmosur nj\u00eb marr\u00ebveshje p\u00ebr realizimin e projektit \u201cShkenca p\u00ebr DIPLOMACINE\u201d. B\u00ebhet fjal\u00eb p\u00ebr nj\u00eb program formimi n\u00eb disa sektor\u00eb, t\u00eb financuar nga Kooperacioni p\u00ebr Zhvillim. [&hellip;]","protected":false},"author":1,"featured_media":0,"comment_status":"","ping_status":"","sticky":false,"template":"","format":"standard","meta":{"footnotes":""},"tags":[],"class_list":["post-4866","post","type-post","status-publish","format-standard","hentry"],"_links":{"self":[{"href":"https:\/\/ambtirana.esteri.it\/sq\/wp-json\/wp\/v2\/posts\/4866","targetHints":{"allow":["GET"]}}],"collection":[{"href":"https:\/\/ambtirana.esteri.it\/sq\/wp-json\/wp\/v2\/posts"}],"about":[{"href":"https:\/\/ambtirana.esteri.it\/sq\/wp-json\/wp\/v2\/types\/post"}],"author":[{"embeddable":true,"href":"https:\/\/ambtirana.esteri.it\/sq\/wp-json\/wp\/v2\/users\/1"}],"replies":[{"embeddable":true,"href":"https:\/\/ambtirana.esteri.it\/sq\/wp-json\/wp\/v2\/comments?post=4866"}],"version-history":[{"count":0,"href":"https:\/\/ambtirana.esteri.it\/sq\/wp-json\/wp\/v2\/posts\/4866\/revisions"}],"wp:attachment":[{"href":"https:\/\/ambtirana.esteri.it\/sq\/wp-json\/wp\/v2\/media?parent=4866"}],"wp:term":[{"taxonomy":"post_tag","embeddable":true,"href":"https:\/\/ambtirana.esteri.it\/sq\/wp-json\/wp\/v2\/tags?post=4866"}],"curies":[{"name":"wp","href":"https:\/\/api.w.org\/{rel}","templated":true}]}}