{"id":4872,"date":"2014-02-10T09:23:26","date_gmt":"2014-02-10T08:23:26","guid":{"rendered":"https:\/\/ambtirana.esteri.it\/news\/dall_ambasciata\/2014\/02\/pasquale-gravina-in-albania-2\/"},"modified":"2014-02-10T09:23:26","modified_gmt":"2014-02-10T08:23:26","slug":"pasquale-gravina-in-albania-2","status":"publish","type":"post","link":"https:\/\/ambtirana.esteri.it\/sq\/news\/dall_ambasciata\/2014\/02\/pasquale-gravina-in-albania-2\/","title":{"rendered":"Pasquale Gravina, disa her\u00eb kampion bote i skuadr\u00ebs komb\u00ebtare dhe kampion olimpik i komb\u00ebtares italiane t\u00eb volejbollit, vizit\u00eb n\u00eb Shqip\u00ebri n\u00eb datat 10-12 shkurt."},"content":{"rendered":"<p><P>Pasquale Gravina n\u00eb Shqip\u00ebri<\/P><P>Pasquale Gravina, disa her\u00eb kampion bote i skuadr\u00ebs komb\u00ebtare dhe kampion olimpik i komb\u00ebtares italiane t\u00eb volejbollit,http:\/\/it.wikipedia.org\/wiki\/Pasquale_Gravina, do t\u00eb jet\u00eb n\u00eb Shqip\u00ebri nga data10-12 shkurt, p\u00ebr t\u00eb marr\u00eb pjes\u00eb n\u00eb nj\u00eb s\u00ebr\u00eb eventesh t\u00eb organizuara nga Tec Bosch,, <A href=\"http:\/\/www.bosch.it\/tec\/\">http:\/\/www.bosch.it\/tec\/<\/A> Shkolla e Formimit Profesional e Menaxherial e grupit Bosch n\u00eb Itali dhe nga Qeveria Shqiptare. <BR>&#8211;\u00a0T\u00eb mart\u00eb, 11 shkurt ora 11:00 n\u00eb ambientet e Universitetit t\u00eb Sporteve n\u00eb Tiran\u00eb (Rr. Muhamet Gjollesha), me\u00a0 prezenc\u00ebn e Kryeministrit t\u00eb vendit z. Edi Rama, Ministres s\u00eb Arsimit dhe Sportit znj.Lindita Nikolla dhe t\u00eb Rektorit t\u00eb Universitetit Prof. Dr. Vejsel Rizvanolli, Gravina do t\u00eb mbaj\u00eb nj\u00eb Lectio Magistralis mbi Sportin drejtuar student\u00ebve.<BR>&#8211;\u00a0E m\u00ebrkur\u00eb, 12 shkurt ora 18:00, n\u00eb sall\u00ebn Iliria t\u00eb Hotelit Sheraton (Sheshi Italia, Tiran\u00eb), n\u00eb pranin\u00eb e Kryeministrit z.Edi Rama, Ministrit t\u00eb Mir\u00ebq\u00ebnies Sociale dhe Rinis\u00eb z.Erion Veliaj, Ambasadorit italian n\u00eb Shqip\u00ebri z.Massimo Gaiani dhe p\u00ebrfaq\u00ebsuesve t\u00eb tjer\u00eb t\u00eb qeveris\u00eb shqiptare, kampioni i Volejbollit do t\u00eb trajtoj\u00eb tema q\u00eb, n\u00eb karrier\u00ebn e gjat\u00eb si profesionist dhe drejtues sporti, i ka zhvilluar p\u00ebr arritjen e objektivave ambicioz\u00eb dhe p\u00ebr menaxhimin e ekipeve shum\u00ebkulturore: Lidership dhe Bashk\u00ebpunim i nd\u00ebrsjellt\u00eb.<\/P><br \/>\n<P>N\u00eb eventin e organizuar n\u00eb ndihm\u00eb t\u00eb kompanive lokale, do t\u00eb marrin pjes\u00eb edhe drejtues e menaxher\u00eb t\u00eb kompanive m\u00eb t\u00eb r\u00ebnd\u00ebsishme italiane dhe shqiptare n\u00eb Shqip\u00ebri. Ky aktivitet organizohet n\u00eb kuad\u00ebr t\u00eb projektit q\u00eb Tec Boch dhe Ministria e Mir\u00ebq\u00ebnies po zbatojn\u00eb n\u00eb ngritjen e nj\u00eb strukture teknike-profesionale dhe menaxhimi, duke u bazuar n\u00eb traditat m\u00eb t\u00eb mira t\u00eb shoqeris\u00eb shum\u00ebkomb\u00ebshe Bosch. <\/P><br \/>\n<P>Do t\u00eb ilustrohen edhe rrug\u00ebt e mundshme t\u00eb formimit teknik dhe menaxherial\u00a0 drejtuar nd\u00ebrmarrjeve. <BR><\/P><br \/>\n<P>\u00a0<\/P><\/p>\n","protected":false},"excerpt":{"rendered":"Pasquale Gravina n\u00eb Shqip\u00ebriPasquale Gravina, disa her\u00eb kampion bote i skuadr\u00ebs komb\u00ebtare dhe kampion olimpik i komb\u00ebtares italiane t\u00eb volejbollit,http:\/\/it.wikipedia.org\/wiki\/Pasquale_Gravina, do t\u00eb jet\u00eb n\u00eb Shqip\u00ebri nga data10-12 shkurt, p\u00ebr t\u00eb marr\u00eb pjes\u00eb n\u00eb nj\u00eb s\u00ebr\u00eb eventesh t\u00eb organizuara nga Tec Bosch,, http:\/\/www.bosch.it\/tec\/ Shkolla e Formimit Profesional e Menaxherial e grupit Bosch n\u00eb Itali dhe nga [&hellip;]","protected":false},"author":1,"featured_media":0,"comment_status":"","ping_status":"","sticky":false,"template":"","format":"standard","meta":{"footnotes":""},"tags":[],"class_list":["post-4872","post","type-post","status-publish","format-standard","hentry"],"_links":{"self":[{"href":"https:\/\/ambtirana.esteri.it\/sq\/wp-json\/wp\/v2\/posts\/4872","targetHints":{"allow":["GET"]}}],"collection":[{"href":"https:\/\/ambtirana.esteri.it\/sq\/wp-json\/wp\/v2\/posts"}],"about":[{"href":"https:\/\/ambtirana.esteri.it\/sq\/wp-json\/wp\/v2\/types\/post"}],"author":[{"embeddable":true,"href":"https:\/\/ambtirana.esteri.it\/sq\/wp-json\/wp\/v2\/users\/1"}],"replies":[{"embeddable":true,"href":"https:\/\/ambtirana.esteri.it\/sq\/wp-json\/wp\/v2\/comments?post=4872"}],"version-history":[{"count":0,"href":"https:\/\/ambtirana.esteri.it\/sq\/wp-json\/wp\/v2\/posts\/4872\/revisions"}],"wp:attachment":[{"href":"https:\/\/ambtirana.esteri.it\/sq\/wp-json\/wp\/v2\/media?parent=4872"}],"wp:term":[{"taxonomy":"post_tag","embeddable":true,"href":"https:\/\/ambtirana.esteri.it\/sq\/wp-json\/wp\/v2\/tags?post=4872"}],"curies":[{"name":"wp","href":"https:\/\/api.w.org\/{rel}","templated":true}]}}