{"id":4876,"date":"2014-02-05T15:59:37","date_gmt":"2014-02-05T14:59:37","guid":{"rendered":"https:\/\/ambtirana.esteri.it\/news\/dall_ambasciata\/2014\/02\/premiazione-concorso-letterario-2\/"},"modified":"2014-02-05T15:59:37","modified_gmt":"2014-02-05T14:59:37","slug":"premiazione-concorso-letterario-2","status":"publish","type":"post","link":"https:\/\/ambtirana.esteri.it\/sq\/news\/dall_ambasciata\/2014\/02\/premiazione-concorso-letterario-2\/","title":{"rendered":"Dh\u00ebnia e \u00e7mimeve\u00a0t\u00eb Konkursit letrar \u201cT\u00eb p\u00ebrshkosh Gadishullin\u201d dit\u00ebn e enjte, dat\u00eb 6 shkurt 2014, n\u00eb or\u00ebn 15.00, pran\u00eb selis\u00eb s\u00eb Institutit Italian t\u00eb Kultur\u00ebs n\u00eb Tiran\u00eb."},"content":{"rendered":"<p><P>Nd\u00ebr nismat e shumta nd\u00ebrkulturore t\u00eb realizuara n\u00eb kuad\u00ebr t\u00eb \u201cJav\u00ebs 13 t\u00eb gjuh\u00ebs italiane n\u00eb bot\u00eb\u201d, Instituti Italian i Kultur\u00ebs dhe Zyra e Shkollave pran\u00eb Ambasad\u00ebs Italiane n\u00eb Tiran\u00eb kan\u00eb promovuar Konkursin letrar \u201cT\u00eb p\u00ebrshkosh Gadishullin\u201d. Njer\u00ebz, takime, kujtime, p\u00ebrshtypje, imagjinata, peisazhe dhe arkitektura t\u00eb nj\u00eb udh\u00ebtimi n\u00eb Itali\u201d drejtuar nx\u00ebn\u00ebsve t\u00eb Seksioneve dy gjuh\u00ebshe italo \u2013 shqiptare t\u00eb Tiran\u00ebs, Kor\u00e7\u00ebs dhe Shkodr\u00ebs. <\/P><br \/>\n<P>Nj\u00eb faktor i r\u00ebnd\u00ebsish\u00ebm n\u00eb m\u00ebsimdh\u00ebnien e gjuh\u00ebs italiane n\u00eb seksionet dygjuh\u00ebshe \u00ebsht\u00eb dhe kryerja e k\u00ebsaj m\u00ebsimdh\u00ebnieje si nga m\u00ebsuesit italian\u00eb t\u00eb em\u00ebruar nga Ministria e Arsimit italiane e q\u00eb sh\u00ebrbejn\u00eb pran\u00eb Ministris\u00eb s\u00eb Pun\u00ebve t\u00eb Jashtme italiane, ashtu dhe nga m\u00ebsuesit shqiptar\u00eb t\u00eb gjuh\u00ebs italiane, t\u00eb em\u00ebruar nga Ministria e Arsimit e Shqip\u00ebris\u00eb. <BR>M\u00ebsuesit bashk\u00ebpunojn\u00eb n\u00eb m\u00ebnyr\u00eb t\u00eb vazhdueshme e bashk\u00ebndajn\u00eb n\u00eb m\u00ebnyr\u00eb sinergjike objektivat didaktike dhe arsimore.<BR>Gjithashtu, Zyra e Shkollave e Ambasad\u00ebs organizon n\u00eb m\u00ebnyr\u00eb periodike nisma arsimore n\u00eb mb\u00ebshtetje t\u00eb profesionalizmit t\u00eb m\u00ebsuesve shqiptar\u00eb.<\/P><br \/>\n<P>Objektivi didaktik i nism\u00ebs \u201cKonkurs letrar\u201d \u00ebsht\u00eb promovimi i shkrimit nd\u00ebr t\u00eb rinjt\u00eb, qoft\u00eb ky dhe krijues; shkrim q\u00eb paraqitet si nj\u00eb k\u00ebrkim e tregimtari n\u00eb form\u00eb ekspresive.<\/P><br \/>\n<P>Konkursi, tejet i p\u00eblqyer nga nx\u00ebn\u00ebsit, ka mb\u00ebrritur tashm\u00eb n\u00eb faz\u00ebn p\u00ebrmbyll\u00ebse dhe komisioni vler\u00ebsues ka p\u00ebrzgjedhur tre punimet m\u00eb t\u00eb mira n\u00eb seksionet e ndryshme.<\/P><br \/>\n<P>Dh\u00ebnia e \u00e7mimeve do t\u00eb kryhet n\u00eb Tiran\u00eb dit\u00ebn e enjte, dat\u00eb 6 shkurt 2014, n\u00eb or\u00ebn 15.00, pran\u00eb selis\u00eb s\u00eb Institutit Italian t\u00eb Kultur\u00ebs.<\/P><br \/>\n<P>\u00c7mimet do t\u00eb jepen nga Sh.T. Ambasadori i Italis\u00eb Massimo Gaiani n\u00eb prani t\u00eb Drejtoresh\u00ebs s\u00eb Institutit Italian t\u00eb Kultur\u00ebs, Fulvia Veneziani, t\u00eb Drejtueses se Zyr\u00ebs s\u00eb Shkollave, Monica Gozzini Turelli, t\u00eb m\u00ebsuesve t\u00eb gjuh\u00ebs italiane n\u00eb Tiran\u00eb, Rosanna Marotti, n\u00eb Shkod\u00ebr Germana Silingardi dhe n\u00eb Kor\u00e7\u00eb Bruna Bassi.<\/P><br \/>\n<P>Do t\u00eb jet\u00eb e pranishme dhe Tatjana Vu\u00e7ani, eksperte dhe koordinuese e programit t\u00eb arsimit para-universitar pran\u00eb Ministris\u00eb shqiptare t\u00eb Arsimit dhe Sporteve si dhe Kryetarja e Shoqat\u00ebs s\u00eb Profesor\u00ebve shqiptar\u00eb t\u00eb gjuh\u00ebs italiane, APADI, Entela Ma\u00e7ka.<BR><\/P><\/p>\n","protected":false},"excerpt":{"rendered":"Nd\u00ebr nismat e shumta nd\u00ebrkulturore t\u00eb realizuara n\u00eb kuad\u00ebr t\u00eb \u201cJav\u00ebs 13 t\u00eb gjuh\u00ebs italiane n\u00eb bot\u00eb\u201d, Instituti Italian i Kultur\u00ebs dhe Zyra e Shkollave pran\u00eb Ambasad\u00ebs Italiane n\u00eb Tiran\u00eb kan\u00eb promovuar Konkursin letrar \u201cT\u00eb p\u00ebrshkosh Gadishullin\u201d. Njer\u00ebz, takime, kujtime, p\u00ebrshtypje, imagjinata, peisazhe dhe arkitektura t\u00eb nj\u00eb udh\u00ebtimi n\u00eb Itali\u201d drejtuar nx\u00ebn\u00ebsve t\u00eb Seksioneve dy [&hellip;]","protected":false},"author":1,"featured_media":0,"comment_status":"","ping_status":"","sticky":false,"template":"","format":"standard","meta":{"footnotes":""},"tags":[],"class_list":["post-4876","post","type-post","status-publish","format-standard","hentry"],"_links":{"self":[{"href":"https:\/\/ambtirana.esteri.it\/sq\/wp-json\/wp\/v2\/posts\/4876","targetHints":{"allow":["GET"]}}],"collection":[{"href":"https:\/\/ambtirana.esteri.it\/sq\/wp-json\/wp\/v2\/posts"}],"about":[{"href":"https:\/\/ambtirana.esteri.it\/sq\/wp-json\/wp\/v2\/types\/post"}],"author":[{"embeddable":true,"href":"https:\/\/ambtirana.esteri.it\/sq\/wp-json\/wp\/v2\/users\/1"}],"replies":[{"embeddable":true,"href":"https:\/\/ambtirana.esteri.it\/sq\/wp-json\/wp\/v2\/comments?post=4876"}],"version-history":[{"count":0,"href":"https:\/\/ambtirana.esteri.it\/sq\/wp-json\/wp\/v2\/posts\/4876\/revisions"}],"wp:attachment":[{"href":"https:\/\/ambtirana.esteri.it\/sq\/wp-json\/wp\/v2\/media?parent=4876"}],"wp:term":[{"taxonomy":"post_tag","embeddable":true,"href":"https:\/\/ambtirana.esteri.it\/sq\/wp-json\/wp\/v2\/tags?post=4876"}],"curies":[{"name":"wp","href":"https:\/\/api.w.org\/{rel}","templated":true}]}}