{"id":4882,"date":"2014-02-04T09:22:12","date_gmt":"2014-02-04T08:22:12","guid":{"rendered":"https:\/\/ambtirana.esteri.it\/news\/dall_ambasciata\/2014\/02\/sabato-8-e-domenica-9-febbraio-2014-in-scena-al-teatro-dell-opera-e-del-balletto-di-tirana-il-ballet-2\/"},"modified":"2014-02-04T09:22:12","modified_gmt":"2014-02-04T08:22:12","slug":"sabato-8-e-domenica-9-febbraio-2014-in-scena-al-teatro-dell-opera-e-del-balletto-di-tirana-il-ballet-2","status":"publish","type":"post","link":"https:\/\/ambtirana.esteri.it\/sq\/news\/dall_ambasciata\/2014\/02\/sabato-8-e-domenica-9-febbraio-2014-in-scena-al-teatro-dell-opera-e-del-balletto-di-tirana-il-ballet-2\/","title":{"rendered":"T\u00eb shtun\u00eb dhe t\u00eb diel, 8 dhe 9\u00a0 shkurt 2014, , n\u00eb sken\u00ebn e Teatrit t\u00eb Operas dhe Baletit n\u00eb Tiran\u00eb baleti Zhizel, interpretuar nga t\u00eb jasht\u00ebzakonshmit Petra Conti dhe Eris Nezha, balerin\u00eb t\u00eb par\u00eb t\u00eb Teatrit n\u00eb La Scala n\u00eb Milano dhe tani si principal dancers t\u00eb Boston Balet."},"content":{"rendered":"<p><P><IMG style=\"WIDTH: 727px; HEIGHT: 505px\" border=\"0\" alt=\"T\u00eb shtun\u00eb dhe t\u00eb diel, 8 dhe 9  shkurt 2014, , n\u00eb sken\u00ebn e Teatrit t\u00eb Operas dhe Baletit n\u00eb Tiran\u00eb baleti Zhizel\" src=\"\/resource\/2014\/02\/30562_f_giselle1.JPG\" width=\"1683\" height=\"1168\"><\/P><P>Petra Conti\u00a0dhe Eris Nezha<BR>protagonist\u00eb t\u00eb baletit Zhizel <BR>8 dhe 9 shkurt 2014<BR>Teatri i Operas dhe Baletit n\u00eb Tiran\u00eb<\/P><br \/>\n<P>T\u00eb shtun\u00eb dhe t\u00eb diel, 8 dhe 9\u00a0 shkurt 2014, protagonost\u00eb t\u00eb baletit Zhizel, n\u00eb sken\u00ebn e Teatrit t\u00eb Operas dhe Baletit n\u00eb Tiran\u00eb, do t\u00eb jen\u00eb t\u00eb jasht\u00ebzakonshmit Petra Conti dhe Eris Nezha, nga balerin\u00eb t\u00eb par\u00eb t\u00eb Teatrit n\u00eb La Scala n\u00eb Milano dhe tani si principal dancers t\u00eb Boston Balet.<BR>Pjes\u00ebmarrja e \u00e7iftit t\u00eb artist\u00ebve me fam\u00eb nd\u00ebrkomb\u00ebtare\u00a0 n\u00eb vepr\u00ebn e famshme t\u00eb Adolf Adam -it u b\u00eb e mundur n\u00eb saj\u00eb t\u00eb mb\u00ebshtetjes s\u00eb Institutit Italian t\u00eb Kultur\u00ebs n\u00eb Tiran\u00eb.<BR>Petra Conti dhe Eris Nezha do t\u00eb shoq\u00ebrohen nga trupa e\u00a0 baletit dhe orkestra simfonike e Teatrit t\u00eb Operas dhe Baletit n\u00eb Tiran\u00eb.<BR>Petra Conti, me baba italian dhe n\u00ebn\u00eb polake, u diplomua n\u00eb vitin 2006 n\u00eb Akademin\u00eb Komb\u00ebtare t\u00eb K\u00ebrcimit n\u00eb Rom\u00eb me Maestro Zharko Prebil dhe pas nj\u00eb viti specializimi n\u00eb Marijinsky t\u00eb Sh\u00ebn Pjet\u00ebrburgut si dhe nj\u00eb sezoni n\u00eb Bavarian State Ballet t\u00eb Monaco-s, debutoi n\u00eb vitin 2009 n\u00eb Teatrin La Scala pik\u00ebrisht me rolin e Zhizel.<BR>Eris Nezha u diplomua n\u00eb Akademin\u00eb e K\u00ebrcimit n\u00eb Tiran\u00eb n\u00eb vitin 1997, m\u00eb tej u zhvendos n\u00eb Milano dhe, pas nj\u00eb viti formimi n\u00eb Teatrin Carcano, u pranua n\u00eb Shkoll\u00ebn e Baletit t\u00eb La Scala, ku u diplomua n\u00eb vitin 2002. Q\u00eb nga ai moment ka marr\u00eb pjes\u00eb n\u00eb shfaqje t\u00eb ndryshme me trup\u00ebn e baletit.<BR>Viti 2011 ka qen\u00eb viti i suksesit p\u00ebr t\u00eb dy artist\u00ebt,\u00a0 u zgjodh\u00ebn nga drejtoti Makhar Vaziev Balerin\u00eb t\u00eb Par\u00eb t\u00eb Teatrit La Scala gjat\u00eb turneut n\u00eb Bolshoi n\u00eb Mosk\u00eb me baletin \u00cbndrra t\u00eb nj\u00eb nate vere.\u00a0 N\u00eb t\u00eb nj\u00ebjtin vit u nderuan me \u00e7mimin &#8220;Premio Danza&#038;Danza&#8221; si Interpretuesit m\u00eb t\u00eb Mir\u00eb t\u00eb vitit.<BR>Petra Conti dhe Eris Nezha, \u00e7ift n\u00eb pun\u00eb p\u00ebrve\u00e7se n\u00eb jet\u00eb, q\u00eb nga viti 2013 jan\u00eb principal dancers t\u00eb Boston Balet.<BR><\/P><br \/>\n<P>\u00a0<\/P><br \/>\n<P>\u00a0<\/P><br \/>\n<P>\u00a0<\/P><br \/>\n<P>\u00a0<\/P><br \/>\n<P>\u00a0<\/P><\/p>\n","protected":false},"excerpt":{"rendered":"Petra Conti\u00a0dhe Eris Nezhaprotagonist\u00eb t\u00eb baletit Zhizel 8 dhe 9 shkurt 2014Teatri i Operas dhe Baletit n\u00eb Tiran\u00eb T\u00eb shtun\u00eb dhe t\u00eb diel, 8 dhe 9\u00a0 shkurt 2014, protagonost\u00eb t\u00eb baletit Zhizel, n\u00eb sken\u00ebn e Teatrit t\u00eb Operas dhe Baletit n\u00eb Tiran\u00eb, do t\u00eb jen\u00eb t\u00eb jasht\u00ebzakonshmit Petra Conti dhe Eris Nezha, nga balerin\u00eb t\u00eb [&hellip;]","protected":false},"author":1,"featured_media":0,"comment_status":"","ping_status":"","sticky":false,"template":"","format":"standard","meta":{"footnotes":""},"tags":[],"class_list":["post-4882","post","type-post","status-publish","format-standard","hentry"],"_links":{"self":[{"href":"https:\/\/ambtirana.esteri.it\/sq\/wp-json\/wp\/v2\/posts\/4882","targetHints":{"allow":["GET"]}}],"collection":[{"href":"https:\/\/ambtirana.esteri.it\/sq\/wp-json\/wp\/v2\/posts"}],"about":[{"href":"https:\/\/ambtirana.esteri.it\/sq\/wp-json\/wp\/v2\/types\/post"}],"author":[{"embeddable":true,"href":"https:\/\/ambtirana.esteri.it\/sq\/wp-json\/wp\/v2\/users\/1"}],"replies":[{"embeddable":true,"href":"https:\/\/ambtirana.esteri.it\/sq\/wp-json\/wp\/v2\/comments?post=4882"}],"version-history":[{"count":0,"href":"https:\/\/ambtirana.esteri.it\/sq\/wp-json\/wp\/v2\/posts\/4882\/revisions"}],"wp:attachment":[{"href":"https:\/\/ambtirana.esteri.it\/sq\/wp-json\/wp\/v2\/media?parent=4882"}],"wp:term":[{"taxonomy":"post_tag","embeddable":true,"href":"https:\/\/ambtirana.esteri.it\/sq\/wp-json\/wp\/v2\/tags?post=4882"}],"curies":[{"name":"wp","href":"https:\/\/api.w.org\/{rel}","templated":true}]}}