{"id":4888,"date":"2014-01-31T16:26:33","date_gmt":"2014-01-31T15:26:33","guid":{"rendered":"https:\/\/ambtirana.esteri.it\/news\/dall_ambasciata\/2014\/01\/seminario-di-formazione-per-docenti-di-italiano-del-programma-illiria-2\/"},"modified":"2014-01-31T16:26:33","modified_gmt":"2014-01-31T15:26:33","slug":"seminario-di-formazione-per-docenti-di-italiano-del-programma-illiria-2","status":"publish","type":"post","link":"https:\/\/ambtirana.esteri.it\/sq\/news\/dall_ambasciata\/2014\/01\/seminario-di-formazione-per-docenti-di-italiano-del-programma-illiria-2\/","title":{"rendered":"Seminar trainimi p\u00ebr m\u00ebsuesit e gjuh\u00ebs italiane t\u00eb Programit Illiria me 25 janar 2014\u00a0n\u00eb Pallatin e Kultur\u00ebs salla N\u00ebn\u00eb Tereza."},"content":{"rendered":"<p><P>Zyra p\u00ebr Bashk\u00ebpunimin Shkollor e Ambasad\u00ebs s\u00eb Italis\u00eb n\u00eb Tiran\u00eb, n\u00eb bashk\u00ebpunim me Ministrin\u00eb e Arsimit dhe Sportit t\u00eb Shqip\u00ebris\u00eb, Insitutit Italian t\u00eb Kultur\u00ebs dhe me mb\u00ebshtjetjen e shoq\u00ebris\u00eb Albacall, organizojn\u00eb me 25 janar, n\u00eb Pallatin e Kultur\u00ebs salla N\u00ebn\u00eb Tereza, Seminar trainimi p\u00ebr m\u00ebsuesit e gjuh\u00ebs italiane t\u00eb Programit Illiria, program bashk\u00ebpunimi nd\u00ebrmjet Ministrive t\u00eb arsimit t\u00eb t\u00eb dy vendeve. N\u00eb ve\u00e7anti, programi ka si objektiv\u00a0 promovimin dhe fuqizimin e m\u00ebsimdh\u00ebnies s\u00eb gjuh\u00ebs italiane n\u00eb sistemin para-universitar shqiptar.<\/P><P>Seminari \u00ebsht\u00eb konceptuar si nj\u00eb moment reflektimi mbi zbatimin e praktikave t\u00eb sukseshme didaktike n\u00eb mb\u00ebshtetje t\u00eb m\u00ebsimdh\u00ebnies dhe \u00e7muarjes s\u00eb gjuh\u00ebs italiane. Tema kryesore q\u00eb do t\u00eb diskutohet do t\u00eb jet\u00eb ajo e vler\u00ebsimit t\u00eb kompetencave t\u00eb gjuh\u00ebs italiane sipas Kuadrit t\u00eb P\u00ebrbashk\u00ebt Referues Europian.\u00a0\u00a0\u00a0\u00a0\u00a0 <\/P><br \/>\n<P>Punimet zyrtarisht do t\u00eb hapen nga Sekretari i P\u00ebrgjithsh\u00ebm i Ministris\u00eb s\u00eb Arsimit dhe Sportit z.Plarent Ndreca, dhe nga K\u00ebshilltari i Par\u00eb i Ambasad\u00ebs Italiane n\u00eb Tiran\u00eb, Marcello Cavalcasselle, nga Drejtuesja e Zyr\u00ebs s\u00eb Shkollave znj. Monica Gozzini Turelli dhe znj. Tatjana Vu\u00e7ani, specialiste e departamentit t\u00eb arsimit universitar pran\u00eb Ministris\u00eb s\u00eb Arsimit dhe Sportit t\u00eb Republik\u00ebs s\u00eb Shqip\u00ebris\u00eb. <\/P><br \/>\n<P>N\u00ebp\u00ebrmjet pranis\u00eb s\u00eb z\u00ebv\u00ebnd\u00ebs drejtorit t\u00eb p\u00ebrgjithsh\u00ebm t\u00eb Drejtoris\u00eb s\u00eb P\u00ebrgjithshme t\u00eb Student\u00ebve pran\u00eb Miur n\u00eb Rom\u00eb, Antonio Tutolo, dhe t\u00eb Drejtorit t\u00eb Zyr\u00ebs s\u00eb Shkollave t\u00eb Brescia-s Mario Maviglia, synohet t\u00eb nd\u00ebrtohet nj\u00eb ur\u00eb bashk\u00ebpunimi, nj\u00eb kontakt fillestar i drejtp\u00ebrdrejt\u00eb nd\u00ebrmjet isntitucioneve t\u00eb arsimit n\u00eb m\u00ebnyr\u00eb t\u00eb till\u00eb q\u00eb t\u00eb krijohet n\u00eb t\u00eb ardhmen, p\u00ebr student\u00ebt shqiptar\u00eb, mund\u00ebsia e organizimit t\u00eb periudhave n\u00eb t\u00eb cilat k\u00ebto student\u00eb t\u00eb mund t\u00eb studiojn\u00eb n\u00eb shkollat italiane. <BR>Do t\u00eb nd\u00ebrhyj\u00eb p\u00ebr \u00e7\u00ebshtje krejt\u00ebsisht didaktike q\u00eb kan\u00eb t\u00eb b\u00ebjn\u00eb me vler\u00ebsimin prof. Patrizia Capoferri, pedagoge e didaktik\u00ebs n\u00eb Universitetin Catolica t\u00eb Milano-s dhe referente e Zyr\u00ebs Nd\u00ebrkulturore t\u00eb Brescia-s, nd\u00ebrsa p\u00ebr aktivitetet laboratorike prof. Francesca Pizzamiglio, m\u00ebsuese n\u00eb Q\u00ebndrat Nd\u00ebrkulturore. <\/P><br \/>\n<P>Ky seminar p\u00ebrfiton nga bashk\u00ebpunimi i \u00e7muesh\u00ebm i Institutit Italian t\u00eb Kultur\u00ebs, i p\u00ebrfaq\u00ebsuar nga Drejtoresha Fulvia Veneziani dhe i Apadi Shoqata e Prof\u00ebsor\u00ebve Shqiptar t\u00eb Gjuh\u00ebs Italiane. APADI shoqat\u00eb jofitimprur\u00ebse, \u00ebsht\u00eb e p\u00ebrfshir\u00eb q\u00eb nga viti 2011 n\u00eb m\u00ebsimdh\u00ebnien e gjuh\u00ebs italiane si gjuh\u00eb e huaj p\u00ebr t\u00eb mb\u00ebshtetur promovimin e\u00a0diversitetit gjuh\u00ebsor. E pranishme n\u00eb k\u00ebt\u00eb seminar do t\u00eb jet\u00eb dhe znj. Entela Ma\u00e7ka, kryetare e Shoqat\u00ebs. <\/P><br \/>\n<P>Mb\u00ebshtetja dhe p\u00ebrmir\u00ebsimi i cil\u00ebsive t\u00eb m\u00ebsimdh\u00ebnies t\u00eb m\u00ebsuesve gjat\u00eb pro\u00e7esit edukues dhe formues, \u00ebsht\u00eb nj\u00eb objektiv q\u00eb \u00ebsht\u00eb ndjekur me k\u00ebmb\u00ebngulje nga insitucionet e p\u00ebrfshira, q\u00eb edhe k\u00ebt\u00eb her\u00eb, n\u00ebp\u00ebrmjet organizmit t\u00eb k\u00ebtij seminari, kan\u00eb treguar vullnet p\u00ebr t\u00eb ofruar nj\u00eb\u00a0trainim cil\u00ebsor, t\u00eb p\u00ebrshir\u00eb n\u00eb nj\u00eb proces t\u00eb gj\u00ebr\u00eb t\u00eb zhvillimit kulturor dhe formues. <BR><\/P><\/p>\n","protected":false},"excerpt":{"rendered":"Zyra p\u00ebr Bashk\u00ebpunimin Shkollor e Ambasad\u00ebs s\u00eb Italis\u00eb n\u00eb Tiran\u00eb, n\u00eb bashk\u00ebpunim me Ministrin\u00eb e Arsimit dhe Sportit t\u00eb Shqip\u00ebris\u00eb, Insitutit Italian t\u00eb Kultur\u00ebs dhe me mb\u00ebshtjetjen e shoq\u00ebris\u00eb Albacall, organizojn\u00eb me 25 janar, n\u00eb Pallatin e Kultur\u00ebs salla N\u00ebn\u00eb Tereza, Seminar trainimi p\u00ebr m\u00ebsuesit e gjuh\u00ebs italiane t\u00eb Programit Illiria, program bashk\u00ebpunimi nd\u00ebrmjet Ministrive [&hellip;]","protected":false},"author":1,"featured_media":0,"comment_status":"","ping_status":"","sticky":false,"template":"","format":"standard","meta":{"footnotes":""},"tags":[],"class_list":["post-4888","post","type-post","status-publish","format-standard","hentry"],"_links":{"self":[{"href":"https:\/\/ambtirana.esteri.it\/sq\/wp-json\/wp\/v2\/posts\/4888","targetHints":{"allow":["GET"]}}],"collection":[{"href":"https:\/\/ambtirana.esteri.it\/sq\/wp-json\/wp\/v2\/posts"}],"about":[{"href":"https:\/\/ambtirana.esteri.it\/sq\/wp-json\/wp\/v2\/types\/post"}],"author":[{"embeddable":true,"href":"https:\/\/ambtirana.esteri.it\/sq\/wp-json\/wp\/v2\/users\/1"}],"replies":[{"embeddable":true,"href":"https:\/\/ambtirana.esteri.it\/sq\/wp-json\/wp\/v2\/comments?post=4888"}],"version-history":[{"count":0,"href":"https:\/\/ambtirana.esteri.it\/sq\/wp-json\/wp\/v2\/posts\/4888\/revisions"}],"wp:attachment":[{"href":"https:\/\/ambtirana.esteri.it\/sq\/wp-json\/wp\/v2\/media?parent=4888"}],"wp:term":[{"taxonomy":"post_tag","embeddable":true,"href":"https:\/\/ambtirana.esteri.it\/sq\/wp-json\/wp\/v2\/tags?post=4888"}],"curies":[{"name":"wp","href":"https:\/\/api.w.org\/{rel}","templated":true}]}}