{"id":4894,"date":"2014-01-31T13:43:41","date_gmt":"2014-01-31T12:43:41","guid":{"rendered":"https:\/\/ambtirana.esteri.it\/news\/dall_ambasciata\/2014\/01\/iic-presenta-il-programma-culturale-per-il-mese-di-febbraio-2\/"},"modified":"2014-01-31T13:43:41","modified_gmt":"2014-01-31T12:43:41","slug":"iic-presenta-il-programma-culturale-per-il-mese-di-febbraio-2","status":"publish","type":"post","link":"https:\/\/ambtirana.esteri.it\/sq\/news\/dall_ambasciata\/2014\/01\/iic-presenta-il-programma-culturale-per-il-mese-di-febbraio-2\/","title":{"rendered":"Instituti Italian i Kultur\u00ebs n\u00eb Tiran\u00eb prezanton programin kulturor p\u00ebr muajin shkurt."},"content":{"rendered":"<p><P>Kinema, muzik\u00eb, arkeologji, balet: <BR>programi i shkurtit i Institutit Italian t\u00eb Kultur\u00ebs n\u00eb Tiran\u00eb <\/P><P>Instituti Italian i Kultur\u00ebs n\u00eb Tiran\u00eb ka k\u00ebnaq\u00ebsin\u00eb t\u00eb prezantoj\u00eb nj\u00eb program t\u00eb pasur dhe t\u00eb larmish\u00ebm p\u00ebr muajin shkurt. <BR>Aktiviteti i par\u00eb do t\u00eb zhvillohet m\u00eb 6 shkurt n\u00eb or\u00ebn 15,\u00a0 tashm\u00eb e p\u00ebrhershmja \u201ce enjte letrare\u201d pran\u00eb Bibliotek\u00ebs s\u00eb Institutit do t\u2019i kushtohet shkrimtar\u00ebve \u201cn\u00eb lul\u00ebzim\u201d t\u00eb seksionit dygjuh\u00ebsh italo-shqiptar t\u00eb Kor\u00e7\u00ebs, Shkodr\u00ebs dhe Tiran\u00ebs: n\u00eb prani t\u00eb Ambasadorit Italian Massimo Gaiani do t\u00eb vler\u00ebsohen autor\u00ebt e tregimeve m\u00eb t\u00eb mira t\u00eb shkruara me rastin e konkursit letrar shkollor \u201cT\u00eb p\u00ebrshkosh ishullin: persona, takime, kujtime, impresione, imagjinata, peisazhe dhe arkitektur\u00eb nga nj\u00eb udh\u00ebtim n\u00eb Itali\u201d.<BR>E shtun\u00eb 8 dhe e diel\u00eb 9 shkurt, fal\u00eb mb\u00ebshtetjes s\u00eb IIC t\u00eb Tiran\u00ebs, protagonist\u00ebt e baletit Giselle n\u00eb sken\u00ebn e Teatrit t\u00eb Operas dhe Baletit n\u00eb Tiran\u00eb do t\u00eb interpretohen nga t\u00eb jasht\u00ebzakonshmit Petra Conti dhe Eris Nezha, balerin\u00eb solist\u00eb m\u00eb par\u00eb t\u00eb Teatrit n\u00eb Scala dhe tani t\u00eb Boston Ballet.<BR>T\u00eb premten 14 shkurt M\u00b0 Lorenzo Turchis Floris do t\u00eb drejtoj\u00eb orkestr\u00ebn simfonike t\u00eb RTSH-s\u00eb n\u00eb nj\u00eb koncert me titull \u201cSh\u00ebn Valentini n\u00eb opera\u201d, q\u00eb do t\u2019i ofroj\u00eb publikut pjes\u00eb nga vepra me fam\u00eb bot\u00ebrore t\u00eb Verdi, Puccini, Rossini, Mascagni, Bizet, Mozart e Lehar. Koncerti do t\u00eb zhvillohet n\u00eb Universitetin e Arteve dhe do t\u00eb filloj\u00eb n\u00eb or\u00ebn 19.<BR>M\u00eb 18 shkurt do t\u00eb rinis\u00eb bashk\u00ebpunimi, tashm\u00eb tradicional, me Akademin\u00eb e Filmit dhe Multimedias Marubi p\u00ebr \u201cT\u00eb mart\u00ebn e kinemas\u00eb italiane\u201d, kushtuar k\u00ebt\u00eb vit Neo-realizmit. P\u00ebrmbledhja kushtuar nj\u00eb nga momenteve m\u00eb t\u00eb suksesshme t\u00eb kinemas\u00eb italiane do t\u00eb nis\u00eb me Roma citt\u00e0 aperta, kryevep\u00ebr e Roberto Rossellini q\u00eb i dha em\u00ebr Anna Magnani-t, protagonistes t\u00eb paharrueshme n\u00eb nj\u00eb nga skenat m\u00eb t\u00eb njohura dhe dramatike t\u00eb historis\u00eb s\u00eb kinemas\u00eb bot\u00ebrore. <BR>Retrospektiva do t\u00eb vijoj\u00eb t\u00eb mart\u00ebn m\u00eb 25 shkurt me nj\u00eb vep\u00ebr tjet\u00ebr t\u00eb Roberto Rossellini, Pais\u00e0.<BR>Gjithashtu, m\u00eb 25 shkurt, n\u00eb or\u00ebn 12, do t\u00eb p\u00ebrurohet n\u00eb Muzeun Historik Komb\u00ebtar n\u00eb Tiran\u00eb ekspozita me titull Trash\u00ebgima Arkitektonike, Muzeologjia dhe Arkeologjia: hulumtime italiane n\u00eb Shqip\u00ebri. Ekspozita, q\u00eb do t\u00eb q\u00ebndroj\u00eb hapur deri m\u00eb 1 mars, do t\u00eb bashkoj\u00eb p\u00ebr her\u00eb t\u00eb par\u00eb hulumtime t\u00eb kryera nga profesor\u00ebt e tri Universiteteve italiane (Politeknik i Bari-t, Universiteti i Chieti \u2013 Pescara-s dhe Universiteti i Parma-s) dhe do t\u00eb paraprihet nga nj\u00eb tavolin\u00eb pune e hapur p\u00ebr ekspert\u00ebt dhe t\u00eb apasionuarit n\u00eb vler\u00ebsimin e trash\u00ebgimis\u00eb kulturore (9,30 -12).<BR>Aktivitetet e IIC-s\u00eb p\u00ebr muajin shkurt do t\u00eb mbyllen t\u00eb enjten 27 shkurt, n\u00eb or\u00ebn 18.30, me shfaqjen e filmit La kryptonite nella borsa e Ivan Cotroneo, q\u00eb do t\u00eb p\u00ebruroj\u00eb nj\u00eb cik\u00ebl t\u00eb kinemas\u00eb bashk\u00ebkohore i programur p\u00ebr \u00e7do enjte t\u00eb II e IV t\u00eb muajit pran\u00eb Sall\u00ebs N\u00ebn\u00eb Tereza t\u00eb Pallatit t\u00eb Kultur\u00ebs. P\u00ebr t\u00eb konsultuar kalendarin e eventeve <A href=\"\/resource\/2014\/01\/30452_f_calendario_febbraio2015.pdf\">kliko k\u00ebtu<\/A>. <BR><\/P><\/p>\n","protected":false},"excerpt":{"rendered":"Kinema, muzik\u00eb, arkeologji, balet: programi i shkurtit i Institutit Italian t\u00eb Kultur\u00ebs n\u00eb Tiran\u00eb Instituti Italian i Kultur\u00ebs n\u00eb Tiran\u00eb ka k\u00ebnaq\u00ebsin\u00eb t\u00eb prezantoj\u00eb nj\u00eb program t\u00eb pasur dhe t\u00eb larmish\u00ebm p\u00ebr muajin shkurt. Aktiviteti i par\u00eb do t\u00eb zhvillohet m\u00eb 6 shkurt n\u00eb or\u00ebn 15,\u00a0 tashm\u00eb e p\u00ebrhershmja \u201ce enjte letrare\u201d pran\u00eb Bibliotek\u00ebs s\u00eb [&hellip;]","protected":false},"author":1,"featured_media":0,"comment_status":"","ping_status":"","sticky":false,"template":"","format":"standard","meta":{"footnotes":""},"tags":[],"class_list":["post-4894","post","type-post","status-publish","format-standard","hentry"],"_links":{"self":[{"href":"https:\/\/ambtirana.esteri.it\/sq\/wp-json\/wp\/v2\/posts\/4894","targetHints":{"allow":["GET"]}}],"collection":[{"href":"https:\/\/ambtirana.esteri.it\/sq\/wp-json\/wp\/v2\/posts"}],"about":[{"href":"https:\/\/ambtirana.esteri.it\/sq\/wp-json\/wp\/v2\/types\/post"}],"author":[{"embeddable":true,"href":"https:\/\/ambtirana.esteri.it\/sq\/wp-json\/wp\/v2\/users\/1"}],"replies":[{"embeddable":true,"href":"https:\/\/ambtirana.esteri.it\/sq\/wp-json\/wp\/v2\/comments?post=4894"}],"version-history":[{"count":0,"href":"https:\/\/ambtirana.esteri.it\/sq\/wp-json\/wp\/v2\/posts\/4894\/revisions"}],"wp:attachment":[{"href":"https:\/\/ambtirana.esteri.it\/sq\/wp-json\/wp\/v2\/media?parent=4894"}],"wp:term":[{"taxonomy":"post_tag","embeddable":true,"href":"https:\/\/ambtirana.esteri.it\/sq\/wp-json\/wp\/v2\/tags?post=4894"}],"curies":[{"name":"wp","href":"https:\/\/api.w.org\/{rel}","templated":true}]}}