{"id":4900,"date":"2014-01-22T14:43:15","date_gmt":"2014-01-22T13:43:15","guid":{"rendered":"https:\/\/ambtirana.esteri.it\/news\/dall_ambasciata\/2014\/01\/mou-tra-ombudsman-igli-totozani-e-il-presidente-del-consiglio-di-coordinamento-dei-difensori-civici-2\/"},"modified":"2014-01-22T14:43:15","modified_gmt":"2014-01-22T13:43:15","slug":"mou-tra-ombudsman-igli-totozani-e-il-presidente-del-consiglio-di-coordinamento-dei-difensori-civici-2","status":"publish","type":"post","link":"https:\/\/ambtirana.esteri.it\/sq\/news\/dall_ambasciata\/2014\/01\/mou-tra-ombudsman-igli-totozani-e-il-presidente-del-consiglio-di-coordinamento-dei-difensori-civici-2\/","title":{"rendered":"Memorandum bashk\u00ebpunimi nd\u00ebrmjet Avokatit t\u00eb Popullit Igli Totozani dhe Presidentes s\u00eb K\u00ebshillit Koordinues t\u00eb Ombudsman\u00ebve Rajonal t\u00eb Italis\u00eb, zonj\u00ebs Lucia Franchini."},"content":{"rendered":"<p>Avokati i Popullit, zoti Igli Totozani priti n\u00eb nj\u00eb vizit\u00eb zyrtare Presidenten e Institutit t\u00eb Ombudsman\u00ebve t\u00eb Europ\u00ebs (EOI), znj. Burgi Volgger dhe Presidenten e K\u00ebshillit Koordinues t\u00eb Ombudsman\u00ebve Rajonal t\u00eb Italis\u00eb, zonj\u00ebn Lucia Franchini.<BR>Gjat\u00eb k\u00ebsaj vizite zyrtare delegacioni i p\u00ebrb\u00ebr\u00eb dhe nga Ombudsmani i Rajonit t\u00eb Campagna n\u00eb Itali, z. Francesco Biano, P\u00ebrgjegj\u00ebsi i Mediatorit Europian, z. Vittorio Gasparrini dhe Sekretari i Ombudsman\u00ebve t\u00eb Italis\u00eb, z. Filippo Tognoni zhvilloi takime me Avokatin e Popullit, me z. Idlir Pe\u00e7i, Zv. minist\u00ebr i Drejt\u00ebsis\u00eb; z. Vangjel Dule, N\u00ebnkryetar i Parlamentit si dhe me znj. Klajda Gjosha, Ministre e Integrimit.<BR>Sot m\u00eb dat\u00eb 21 janar 2013, u n\u00ebnshkrua n\u00eb prani t\u00eb Ambasadorit t\u00eb Italis\u00eb Massimo Gaiani, nj\u00eb memorandum bashk\u00ebpunimi nd\u00ebrmjet Avokatit t\u00eb Popullit Igli Totozani dhe Presidentes s\u00eb K\u00ebshillit Koordinues t\u00eb Ombudsman\u00ebve Rajonal t\u00eb Italis\u00eb, zonj\u00ebs Lucia Franchini. <BR>Marr\u00ebveshja konsiston n\u00eb nxitjen e bashk\u00ebpunimit mes administrat\u00ebs publike t\u00eb t\u00eb dy vendeve, p\u00ebr monitorimin dhe konfrontimin e nivelit t\u00eb transparenc\u00ebs dhe t\u00eb korrupsionit n\u00eb institucionet lokale t\u00eb dy vendeve dhe n\u00eb evidentimin e pikave t\u00eb dob\u00ebta, t\u00eb mundshme, n\u00eb funksionimin e sistemit, duke v\u00ebn\u00eb p\u00ebrball\u00eb raste konkrete dhe praktikat m\u00eb t\u00eb mira, p\u00ebr t\u00eb informuar qytetar\u00ebt p\u00ebr t\u00eb drejtat e tyre dhe p\u00ebr tu ardhur n\u00eb ndihm\u00eb qytetar\u00ebve n\u00eb marr\u00ebdh\u00ebniet me administrat\u00ebn publike n\u00eb proceset e migrimit dhe imigrimit nd\u00ebrmjet Italis\u00eb dhe Shqip\u00ebris\u00eb, dhe n\u00eb p\u00ebrgjith\u00ebsi n\u00eb vendet uropiane. <BR><\/p>\n","protected":false},"excerpt":{"rendered":"Avokati i Popullit, zoti Igli Totozani priti n\u00eb nj\u00eb vizit\u00eb zyrtare Presidenten e Institutit t\u00eb Ombudsman\u00ebve t\u00eb Europ\u00ebs (EOI), znj. Burgi Volgger dhe Presidenten e K\u00ebshillit Koordinues t\u00eb Ombudsman\u00ebve Rajonal t\u00eb Italis\u00eb, zonj\u00ebn Lucia Franchini.Gjat\u00eb k\u00ebsaj vizite zyrtare delegacioni i p\u00ebrb\u00ebr\u00eb dhe nga Ombudsmani i Rajonit t\u00eb Campagna n\u00eb Itali, z. Francesco Biano, P\u00ebrgjegj\u00ebsi i [&hellip;]","protected":false},"author":1,"featured_media":0,"comment_status":"","ping_status":"","sticky":false,"template":"","format":"standard","meta":{"footnotes":""},"tags":[],"class_list":["post-4900","post","type-post","status-publish","format-standard","hentry"],"_links":{"self":[{"href":"https:\/\/ambtirana.esteri.it\/sq\/wp-json\/wp\/v2\/posts\/4900","targetHints":{"allow":["GET"]}}],"collection":[{"href":"https:\/\/ambtirana.esteri.it\/sq\/wp-json\/wp\/v2\/posts"}],"about":[{"href":"https:\/\/ambtirana.esteri.it\/sq\/wp-json\/wp\/v2\/types\/post"}],"author":[{"embeddable":true,"href":"https:\/\/ambtirana.esteri.it\/sq\/wp-json\/wp\/v2\/users\/1"}],"replies":[{"embeddable":true,"href":"https:\/\/ambtirana.esteri.it\/sq\/wp-json\/wp\/v2\/comments?post=4900"}],"version-history":[{"count":0,"href":"https:\/\/ambtirana.esteri.it\/sq\/wp-json\/wp\/v2\/posts\/4900\/revisions"}],"wp:attachment":[{"href":"https:\/\/ambtirana.esteri.it\/sq\/wp-json\/wp\/v2\/media?parent=4900"}],"wp:term":[{"taxonomy":"post_tag","embeddable":true,"href":"https:\/\/ambtirana.esteri.it\/sq\/wp-json\/wp\/v2\/tags?post=4900"}],"curies":[{"name":"wp","href":"https:\/\/api.w.org\/{rel}","templated":true}]}}