{"id":4911,"date":"2014-01-07T14:57:26","date_gmt":"2014-01-07T13:57:26","guid":{"rendered":"https:\/\/ambtirana.esteri.it\/news\/dall_ambasciata\/2014\/01\/aperte-le-iscrizioni-per-esame-celi-2\/"},"modified":"2014-01-07T14:57:26","modified_gmt":"2014-01-07T13:57:26","slug":"aperte-le-iscrizioni-per-esame-celi-2","status":"publish","type":"post","link":"https:\/\/ambtirana.esteri.it\/sq\/news\/dall_ambasciata\/2014\/01\/aperte-le-iscrizioni-per-esame-celi-2\/","title":{"rendered":"Instituti Italian i Kultur\u00ebs n\u00eb Tiran\u00eb njofton se jan\u00eb hapur regjistrimet p\u00ebr kurset e gjuh\u00ebs italiane p\u00ebr t\u00eb dh\u00ebn\u00eb provimin Celi."},"content":{"rendered":"<p><DIV id=\"phNewsTxtData\">Instituti Italian i Kultur\u00ebs n\u00eb Tiran\u00eb njofton se jan\u00eb hapur regjistrimet p\u00ebr kurset e gjuh\u00ebs italiane t\u00eb t\u00eb gjitha niveleve dhe\u00a0 p\u00ebr t\u00eb dh\u00ebn\u00eb provimin Celi 1, 2, 3 q\u00eb do t\u00eb mbahet t\u00eb shtun\u00ebn 8 mars 2014. P\u00ebr m\u00eb shum\u00eb informacione <FONT color=\"#660066\"><A id=\"klikoni k\u00ebtu\" title=\"klikoni k\u00ebtu\" href=\"http:\/\/www.iictirana.esteri.it\/IIC_Tirana\" name=\"klikoni k\u00ebtu\">klikoni k\u00ebtu<\/A><\/FONT>. <BR><\/DIV><\/p>\n","protected":false},"excerpt":{"rendered":"Instituti Italian i Kultur\u00ebs n\u00eb Tiran\u00eb njofton se jan\u00eb hapur regjistrimet p\u00ebr kurset e gjuh\u00ebs italiane t\u00eb t\u00eb gjitha niveleve dhe\u00a0 p\u00ebr t\u00eb dh\u00ebn\u00eb provimin Celi 1, 2, 3 q\u00eb do t\u00eb mbahet t\u00eb shtun\u00ebn 8 mars 2014. P\u00ebr m\u00eb shum\u00eb informacione klikoni k\u00ebtu.","protected":false},"author":1,"featured_media":0,"comment_status":"","ping_status":"","sticky":false,"template":"","format":"standard","meta":{"footnotes":""},"tags":[],"class_list":["post-4911","post","type-post","status-publish","format-standard","hentry"],"_links":{"self":[{"href":"https:\/\/ambtirana.esteri.it\/sq\/wp-json\/wp\/v2\/posts\/4911","targetHints":{"allow":["GET"]}}],"collection":[{"href":"https:\/\/ambtirana.esteri.it\/sq\/wp-json\/wp\/v2\/posts"}],"about":[{"href":"https:\/\/ambtirana.esteri.it\/sq\/wp-json\/wp\/v2\/types\/post"}],"author":[{"embeddable":true,"href":"https:\/\/ambtirana.esteri.it\/sq\/wp-json\/wp\/v2\/users\/1"}],"replies":[{"embeddable":true,"href":"https:\/\/ambtirana.esteri.it\/sq\/wp-json\/wp\/v2\/comments?post=4911"}],"version-history":[{"count":0,"href":"https:\/\/ambtirana.esteri.it\/sq\/wp-json\/wp\/v2\/posts\/4911\/revisions"}],"wp:attachment":[{"href":"https:\/\/ambtirana.esteri.it\/sq\/wp-json\/wp\/v2\/media?parent=4911"}],"wp:term":[{"taxonomy":"post_tag","embeddable":true,"href":"https:\/\/ambtirana.esteri.it\/sq\/wp-json\/wp\/v2\/tags?post=4911"}],"curies":[{"name":"wp","href":"https:\/\/api.w.org\/{rel}","templated":true}]}}