{"id":4922,"date":"2013-12-06T09:46:22","date_gmt":"2013-12-06T08:46:22","guid":{"rendered":"https:\/\/ambtirana.esteri.it\/news\/dall_ambasciata\/2013\/12\/programma-italo-albanese-di-conversione-del-debito-2\/"},"modified":"2013-12-06T09:46:22","modified_gmt":"2013-12-06T08:46:22","slug":"programma-italo-albanese-di-conversione-del-debito-2","status":"publish","type":"post","link":"https:\/\/ambtirana.esteri.it\/sq\/news\/dall_ambasciata\/2013\/12\/programma-italo-albanese-di-conversione-del-debito-2\/","title":{"rendered":"Programi Italo-Shqiptar i Konvertimit t\u00eb Borxhit p\u00ebr Zhvillim (IADSA) &#8211; Konferenca e Hapjes s\u00eb Thirrjes s\u00eb Dyt\u00eb p\u00ebr Propozime"},"content":{"rendered":"<p><P>Tiran\u00eb, 9 dhjetor 2013<BR>Pallati i Kultur\u00ebs, Salla \u02baN\u00ebn\u00eb Tereza\u02ba<\/P><P>Programi aktual i Bashk\u00ebpunimit dhe Zhvillimit Italo-Shqiptar p\u00ebrfshin nj\u00eb instrument inovativ financimi p\u00ebr vendin: Programin e Konvertimit t\u00eb Borxhit p\u00ebr Zhvillim (IADSA \u2013 Italian Albanian Debt for Development Swap Agreement), e cila ka p\u00ebr q\u00ebllim t\u00eb mb\u00ebshtes\u00eb zbatimin e projekteve n\u00eb sektorin social, propozuar nga institucionet Publike Shqiptare. N\u00eb k\u00ebt\u00eb kuad\u00ebr, IADSA filloi aktivitetin e saj n\u00eb vitin 2012 dhe Ministria e Financave t\u00eb Republik\u00ebs s\u00eb Shqip\u00ebris\u00eb dhe Ambasada Italiane n\u00eb Tiran\u00eb, krijuan nj\u00eb Komitet Menaxhimi te p\u00ebrbashk\u00ebt. IADSA financon projekte zhvillimi t\u00eb mbeshtetura n\u00eb prioritetet strategjike t\u00eb identifikuara n\u00eb Strategjin\u00eb Komb\u00ebtare p\u00ebr Zhvillim dhe Integrim, n\u00eb strategjit\u00eb sektoriale dhe ato nd\u00ebrsektoriale, si dhe n\u00eb Planin e Veprimit Komb\u00ebtar p\u00ebr Implementimin e Mar\u00ebveshjes s\u00eb Asocim Stabilizimit t\u00eb Shqip\u00ebris\u00eb q\u00eb kan\u00eb t\u00eb b\u00ebjn\u00eb me aspektet prioritare t\u00eb m\u00ebposhtme: arsimim dhe aft\u00ebsim profesional, sh\u00ebndet\u00ebsi publike, p\u00ebrfshirje sociale e kategorive m\u00eb t\u00eb prekshme, gjenerimin e pun\u00ebsimit dhe zhvillimin e q\u00ebndruesh\u00ebm t\u00eb territorit n\u00ebn nj\u00eb prespektiv\u00eb afatgjat\u00eb duke kontribuar n\u00eb krijimin e vendeve t\u00eb lira t\u00eb pun\u00ebs edhe n\u00eb zonat rurale t\u00eb vendit. N\u00eb Thirrjen e Par\u00eb p\u00ebr Propozime, Komiteti i Menaxhimit t\u00eb IADSA aprovoi dhe financoi 13 Projekte n\u00eb nj\u00eb total prej 4,5 milion\u00eb eurosh.<BR>Ne Konferenc\u00ebn e Shtypit t\u00eb mbajtur sot n\u00eb Pallatin e Kultur\u00ebs n\u00eb Tiran\u00eb u shpall Thirrja e Dyt\u00eb p\u00ebr Propozime (Call for Proposals). N\u00eb Konferenc\u00eb, mor\u00ebn fjal\u00ebn Z\u00ebvend\u00ebskryeministri i Qeveris\u00eb Shqiptare Z. Niko Peleshi, Ministri i Financave Z. Shk\u00eblqim Cani dhe Ambasadori Italian Z. Massimo Gaiani. Konferenca u drejtua nga Drejtori i Zyr\u00ebs s\u00eb Kooperacionit t\u00eb Ambasad\u00ebs Italiane, Z. Andrea Senatori. <BR>Nj\u00ebkoh\u00ebsisht me konferenc\u00ebn u projektuan edhe fotografi t\u00eb cilat dokumentuan aktivitet n\u00eb vijim dhe rezultatet e para t\u00eb arritura nga13 projektet e financuara nga IADSA n\u00eb Thirrjen e Par\u00eb p\u00ebr Propozime lan\u00e7uar nj\u00eb vit m\u00eb par\u00eb. Prezent\u00eb ishin gjithashtu edhe p\u00ebrfaq\u00ebsues t\u00eb institucioneve publike shqiptare q\u00ebndrore dhe lokale, t\u00eb cil\u00ebt kan\u00eb p\u00ebrfituar nga financimet e IADSA. Ata prezantuan arritjet n\u00eb projektet e tyre, s\u00eb bashku me p\u00ebrfaq\u00ebsues t\u00eb Partner\u00ebve, OJQ-ve italiane, enteve lokale italiane dhe Organizmave Nd\u00ebrkombetare t\u00eb cil\u00ebt operojn\u00eb prej koh\u00ebsh n\u00eb Shqip\u00ebri.<BR>Thirrja e dyt\u00eb p\u00ebr Propozime \u00ebsht\u00eb e publikuar n\u00eb faqen e internetit t\u00eb IADSA-s (<A href=\"http:\/\/www.iadsa.info\">http:\/\/www.iadsa.info<\/A>) dhe n\u00eb t\u00eb kan\u00eb t\u00eb drejt\u00eb t\u00eb konkurojn\u00eb t\u00eb gjitha institucionet publike shqiptare. P\u00ebr zbatimin e projekteve jan\u00eb t\u00eb pranueshme edhe bashk\u00ebpunime n\u00eb form\u00eb partnership-i me OJQ\u00a0 shqiptare dhe italiane, me Rajonet dhe Entet Lokale italiane si dhe me Organizma Nd\u00ebrkomb\u00ebtare. <\/P><br \/>\n<P>\u00a0<\/P><br \/>\n<P><IMG style=\"WIDTH: 715px; HEIGHT: 558px\" border=\"0\" alt=\"Immagine \" src=\"\/resource\/2013\/12\/29557_f_PC090030.JPG\" width=\"658\" height=\"620\"><BR><\/P><br \/>\n<P>\u00a0<\/P><br \/>\n<P>\u00a0<\/P><\/p>\n","protected":false},"excerpt":{"rendered":"Tiran\u00eb, 9 dhjetor 2013Pallati i Kultur\u00ebs, Salla \u02baN\u00ebn\u00eb Tereza\u02baProgrami aktual i Bashk\u00ebpunimit dhe Zhvillimit Italo-Shqiptar p\u00ebrfshin nj\u00eb instrument inovativ financimi p\u00ebr vendin: Programin e Konvertimit t\u00eb Borxhit p\u00ebr Zhvillim (IADSA \u2013 Italian Albanian Debt for Development Swap Agreement), e cila ka p\u00ebr q\u00ebllim t\u00eb mb\u00ebshtes\u00eb zbatimin e projekteve n\u00eb sektorin social, propozuar nga institucionet Publike [&hellip;]","protected":false},"author":1,"featured_media":0,"comment_status":"","ping_status":"","sticky":false,"template":"","format":"standard","meta":{"footnotes":""},"tags":[],"class_list":["post-4922","post","type-post","status-publish","format-standard","hentry"],"_links":{"self":[{"href":"https:\/\/ambtirana.esteri.it\/sq\/wp-json\/wp\/v2\/posts\/4922","targetHints":{"allow":["GET"]}}],"collection":[{"href":"https:\/\/ambtirana.esteri.it\/sq\/wp-json\/wp\/v2\/posts"}],"about":[{"href":"https:\/\/ambtirana.esteri.it\/sq\/wp-json\/wp\/v2\/types\/post"}],"author":[{"embeddable":true,"href":"https:\/\/ambtirana.esteri.it\/sq\/wp-json\/wp\/v2\/users\/1"}],"replies":[{"embeddable":true,"href":"https:\/\/ambtirana.esteri.it\/sq\/wp-json\/wp\/v2\/comments?post=4922"}],"version-history":[{"count":0,"href":"https:\/\/ambtirana.esteri.it\/sq\/wp-json\/wp\/v2\/posts\/4922\/revisions"}],"wp:attachment":[{"href":"https:\/\/ambtirana.esteri.it\/sq\/wp-json\/wp\/v2\/media?parent=4922"}],"wp:term":[{"taxonomy":"post_tag","embeddable":true,"href":"https:\/\/ambtirana.esteri.it\/sq\/wp-json\/wp\/v2\/tags?post=4922"}],"curies":[{"name":"wp","href":"https:\/\/api.w.org\/{rel}","templated":true}]}}