{"id":4928,"date":"2013-12-03T15:13:24","date_gmt":"2013-12-03T14:13:24","guid":{"rendered":"https:\/\/ambtirana.esteri.it\/news\/dall_ambasciata\/2013\/12\/claudio-magris-in-albania-2\/"},"modified":"2013-12-03T15:13:24","modified_gmt":"2013-12-03T14:13:24","slug":"claudio-magris-in-albania-2","status":"publish","type":"post","link":"https:\/\/ambtirana.esteri.it\/sq\/news\/dall_ambasciata\/2013\/12\/claudio-magris-in-albania-2\/","title":{"rendered":"Claudio Magris ne Shqiperi"},"content":{"rendered":"<p><P>Me rastin e botimit n\u00eb gjuh\u00ebn shqipe t\u00eb librave t\u00eb tij Microcosmi dhe L\u2019infinito viaggiare, Claudio Magris do t\u00eb vij\u00eb p\u00ebr her\u00eb t\u00eb par\u00eb n\u00eb Shqip\u00ebrie n\u00eb datat 5 dhe 6 dhjetor.<BR>Tre takimet me publikun :<BR>e enjte 5 dhjetor Profesori do t\u00eb mbaj\u00eb n\u00eb or\u00ebn 11 nj\u00eb lectio magistralis me titull &#8220;Dy shkrimet&#8221; n\u00eb sall\u00ebn Illiria t\u00eb Universitetit t\u00eb Tiran\u00ebs, p\u00ebr student\u00eb dhe pedagog\u00eb t\u00eb Fakultetit t\u00eb Gjuh\u00ebve t\u00eb Huaja si dhe t\u00eb Historis\u00eb dhe t\u00eb Filologjis\u00eb.<BR>Po t\u00eb enjten, pasdite, n\u00eb or\u00ebn 18, \u00ebsht\u00eb n\u00eb program &#8220;e enjtja letrare e Institutit Italian t\u00eb Kultur\u00ebs me Claudio Magris&#8221; dhe do t\u00eb prezantohen librat Microcosmi dhe L\u2019infinito viaggiare t\u00eb p\u00ebrkthyer p\u00ebr her\u00eb t\u00eb par\u00eb n\u00eb gjuh\u00ebn shqipe nga sht\u00ebpia botuese Aleph n\u00eb saj\u00eb t\u00eb kontributit t\u00eb p\u00ebrkthimit t\u00eb siguruar nga Ministria jon\u00eb e Pun\u00ebve t\u00eb Jashtme.<BR>E premte 6 dhjetor Profesori do t\u00eb jet\u00eb n\u00eb Shkod\u00ebr dhe do t\u00eb takohet me student\u00eb t\u00eb Universitetit Luigj Gurakuqi, n\u00eb or\u00ebn 10, p\u00ebr tem\u00ebn &#8220;N\u00eb udh\u00ebtim: Me ose pa kthim&#8221;.<\/P><P>Profesor i let\u00ebrsis\u00eb gjermane n\u00eb Universitetin e Triestes, eseist, studiues i kultur\u00ebs mitteleuropea, p\u00ebrkthyes, autor i tregimeve dhe pjes\u00ebve teatrale, Claudio Magris \u00ebsht\u00eb nj\u00eb nga intelektual\u00ebt m\u00eb t\u00eb njohur italian\u00eb, i njohur nga publiku kryesisht p\u00ebr veprat e tij Danubio ( 1986), Un altro mare ( 1991), Microcosmi ( 1997), L\u2019infinito viaggiare ( 2005) [- parath\u00ebnia e t\u00eb cilit ka qen\u00eb objekt i analiz\u00ebs s\u00eb tekstit t\u00eb propozuar n\u00eb provimet e matur\u00ebs shtet\u00ebrore n\u00eb Itali.]<BR><\/P><\/p>\n","protected":false},"excerpt":{"rendered":"Me rastin e botimit n\u00eb gjuh\u00ebn shqipe t\u00eb librave t\u00eb tij Microcosmi dhe L\u2019infinito viaggiare, Claudio Magris do t\u00eb vij\u00eb p\u00ebr her\u00eb t\u00eb par\u00eb n\u00eb Shqip\u00ebrie n\u00eb datat 5 dhe 6 dhjetor.Tre takimet me publikun :e enjte 5 dhjetor Profesori do t\u00eb mbaj\u00eb n\u00eb or\u00ebn 11 nj\u00eb lectio magistralis me titull &#8220;Dy shkrimet&#8221; n\u00eb sall\u00ebn [&hellip;]","protected":false},"author":1,"featured_media":0,"comment_status":"","ping_status":"","sticky":false,"template":"","format":"standard","meta":{"footnotes":""},"tags":[],"class_list":["post-4928","post","type-post","status-publish","format-standard","hentry"],"_links":{"self":[{"href":"https:\/\/ambtirana.esteri.it\/sq\/wp-json\/wp\/v2\/posts\/4928","targetHints":{"allow":["GET"]}}],"collection":[{"href":"https:\/\/ambtirana.esteri.it\/sq\/wp-json\/wp\/v2\/posts"}],"about":[{"href":"https:\/\/ambtirana.esteri.it\/sq\/wp-json\/wp\/v2\/types\/post"}],"author":[{"embeddable":true,"href":"https:\/\/ambtirana.esteri.it\/sq\/wp-json\/wp\/v2\/users\/1"}],"replies":[{"embeddable":true,"href":"https:\/\/ambtirana.esteri.it\/sq\/wp-json\/wp\/v2\/comments?post=4928"}],"version-history":[{"count":0,"href":"https:\/\/ambtirana.esteri.it\/sq\/wp-json\/wp\/v2\/posts\/4928\/revisions"}],"wp:attachment":[{"href":"https:\/\/ambtirana.esteri.it\/sq\/wp-json\/wp\/v2\/media?parent=4928"}],"wp:term":[{"taxonomy":"post_tag","embeddable":true,"href":"https:\/\/ambtirana.esteri.it\/sq\/wp-json\/wp\/v2\/tags?post=4928"}],"curies":[{"name":"wp","href":"https:\/\/api.w.org\/{rel}","templated":true}]}}