{"id":4955,"date":"2013-10-23T13:24:21","date_gmt":"2013-10-23T11:24:21","guid":{"rendered":"https:\/\/ambtirana.esteri.it\/news\/dall_ambasciata\/2013\/10\/studiare-in-italia-2\/"},"modified":"2013-10-23T13:24:21","modified_gmt":"2013-10-23T11:24:21","slug":"studiare-in-italia-2","status":"publish","type":"post","link":"https:\/\/ambtirana.esteri.it\/sq\/news\/dall_ambasciata\/2013\/10\/studiare-in-italia-2\/","title":{"rendered":"T\u00eb studiosh n\u00eb Itali: Universitetet italiane n\u00eb Tiran\u00eb p\u00ebr ju!"},"content":{"rendered":"<p><P>25-26 tetor 2013 <BR>Galeria Komb\u00ebtare e Arteve, Tiran\u00eb <\/P><P>Drejtori i P\u00ebrgjithsh\u00ebm p\u00ebr \u00c7\u00ebshtjet Nd\u00ebrkomb\u00ebtare t\u00eb Ministris\u00eb italiane t\u00eb Arsimit, Universitetit dhe K\u00ebrkimit si dhe p\u00ebrfaq\u00ebsuesit e m\u00eb shum\u00eb se nj\u00ebzet universiteteve italiane do t\u00eb jen\u00eb n\u00eb Tiran\u00eb n\u00eb datat 25 dhe 26 tetor p\u00ebr edicionin e dyt\u00eb t\u00eb aktivitetit q\u00eb lidhet me promovimin e sistemit akademik italian e q\u00eb do t\u00eb zhvillohet pran\u00eb Galeris\u00eb Komb\u00ebtare t\u00eb Arteve n\u00eb Tiran\u00eb (e premte, 25 tetor nga ora 10,30-18,30 dhe t\u00eb shtun\u00eb 26 tetor nga ora 9,30-14,30). <\/P><br \/>\n<P>Aktiviteti organizohet n\u00eb kuad\u00ebr t\u00eb Jav\u00ebs s\u00eb Gjuh\u00ebs Italiane n\u00eb Bot\u00eb, promovuar nga Ministria e Pun\u00ebve t\u00eb Jashtme dhe Accademia della Crusca, n\u00ebn Kujdesin e ve\u00e7ant\u00eb t\u00eb Presidentit t\u00eb Republik\u00ebs. Ky edicion i XIII i saj ka si tem\u00eb: K\u00ebrkim, zbulim, risi. Italia e dijes . <\/P><br \/>\n<P>Aktiviteti me tem\u00eb T\u00eb studiosh n\u00eb Itali \u00ebsht\u00eb n\u00eb edicionin e tij t\u00eb dyt\u00eb: Duke pasur parasysh suksesin e vitit t\u00eb kaluar, Instituti Italian i Kultur\u00ebs, me Mb\u00ebshtetjen e Ambasad\u00ebs Italiane n\u00eb Tiran\u00eb, ka vendosur t\u00eb zgjas\u00eb koh\u00ebn e k\u00ebtij aktiviteti n\u00eb dy dit\u00eb, p\u00ebr t\u2019u dh\u00ebn\u00eb t\u00eb gjith\u00eb nx\u00ebn\u00ebsve shqiptar\u00eb mund\u00ebsin\u00eb e kontakteve t\u00eb drejtp\u00ebrdrejta me universitete t\u00eb ndryshme, p\u00ebrfaq\u00ebsues t\u00eb pothuajse t\u00eb gjitha rajoneve t\u00eb Italis\u00eb. N\u00eb fakt, p\u00ebrfaq\u00ebsuesit e secilit universitet do t\u00eb b\u00ebjn\u00eb nj\u00eb prezantim t\u00eb shkurt\u00ebr me q\u00ebllim q\u00eb t\u00eb hedhin drit\u00eb mbi specifik\u00ebn dhe pikat e forta t\u00eb ofert\u00ebs s\u00eb tyre didaktike. Gjithashtu ata do t\u00eb jen\u00eb n\u00eb dispozicion p\u00ebr takime individuale me student\u00ebt pran\u00eb stendave t\u00eb vendosura enkas n\u00eb Galerin\u00eb e Arteve n\u00eb Tiran\u00eb. <\/P><br \/>\n<P>Hapja p\u00ebr publikun \u00ebsht\u00eb planifikuar p\u00ebr t\u00eb premten, 25 tetor, n\u00eb or\u00ebn 10,30, me nj\u00eb paraqitje t\u00eb sistemit akademik italian nga Prof. Vito Antonio Stigliani. Ky prezantim do t\u00eb pasohet, nga ora 11 deri n\u00eb or\u00ebn 14, m\u00eb pjes\u00ebn e par\u00eb t\u00eb prezantimeve t\u00eb secilit universitet, sipas rendit t\u00eb m\u00ebposht\u00ebm: Universiteti i Macerata-s, Camerino-s, Universiteti i Pavarur Nd\u00ebrkomb\u00ebtar i Studimeve Sociale LUISS, Universiteti i Molise-s, i Pavias, i Bolonj\u00ebs (Kampusi Forl\u00ec), Universiteti p\u00ebr t\u00eb Huaj i Perugia-s, Universiteti i Studimeve Mesdhetare i Reggio Calabria-s, Universiteti i Palermos. <\/P><br \/>\n<P>Pas p\u00ebrs\u00ebritjes s\u00eb prezantimit t\u00eb sistemit akademik italian nga Prof. Stigliani, do t\u00eb mbahet, n\u00eb or\u00ebn 15, hapja zyrtare e k\u00ebtij edicioni t\u00eb dyt\u00eb t\u00eb Studiosh n\u00eb Itali, me fjalimin e SH.T. Ambasadorit italian n\u00eb Tiran\u00eb, Massimo Gaiani, Drejtorit t\u00eb P\u00ebrgjithsh\u00ebm p\u00ebr \u00c7\u00ebshtjet Nd\u00ebrkomb\u00ebtare n\u00eb Ministrin\u00eb italiane t\u00eb Arsimit, Dr. Marcello Limina dhe t\u00eb Ministres shqiptare t\u00eb Arsimit, Dr. Lindita Nikolli. Aktiviteti do t\u00eb vazhdoj\u00eb me nj\u00eb ceremoni t\u00eb shkurt\u00ebr, gjat\u00eb s\u00eb cil\u00ebs PIA Petrolifera Italo-Shqiptare, Banka Intesa Sanpaolo Albania dhe Veneto Banka do t\u00eb japin, p\u00ebr t\u00eb tretin vit radhazi, kat\u00ebr bursa studimi p\u00ebr student\u00eb t\u00eb tjer\u00eb shqiptar\u00eb p\u00ebr studimet e tyre universitare n\u00eb Itali. <BR>Duke filluar nga ora 16, do t\u00eb prezantohen Universitetet e Kalabris\u00eb, Padov\u00ebs dhe Universiteti Politeknik i Barit, publiku mund t\u00eb vazhdoj\u00eb vizit\u00ebn e tij deri n\u00eb or\u00ebn 18.30. <\/P><br \/>\n<P>Ekspozita do t\u00eb rihapet t\u00eb shtun\u00ebn, 26 tetor, n\u00eb or\u00ebn 9,30 dhe student\u00ebt do t\u00eb ken\u00eb mund\u00ebsi t\u00eb vizitojn\u00eb stendat e t\u00eb gjitha universiteteve dhe t\u00eb ndjekin prezantimin e Universitetit t\u00eb Foggia-s, Universitetit Katolik Zoja e K\u00ebshillit t\u00eb Mir\u00eb, Sistemit t\u00eb Arsimi t\u00eb lart\u00eb n\u00eb Friuli Venezia Giulia, Universitetit p\u00ebr t\u00eb Huaj t\u00eb Sien\u00ebs, Shkoll\u00ebs s\u00eb Lart\u00eb Universitare p\u00ebr Nd\u00ebrmjet\u00ebs Gjuh\u00ebsor\u00eb CIELS, Universitetit G. D&#8217; Annunzio i Chieti Pescara-s, Urbinos Carlo Bo, Perugia-s, Rom\u00ebs LUSPIO, Barit Aldo Moro, dhe s\u00eb fundi, Universitetit t\u00eb Pavarur t\u00eb Bolzanos. <\/P><br \/>\n<P>Student\u00ebt shqiptar\u00eb do t\u00eb priten n\u00eb hyrje, nga p\u00ebrgjegj\u00ebs t\u00eb Institutit Italian t\u00eb Kultur\u00ebs, Zyr\u00ebs s\u00eb Shkollave t\u00eb Konsullat\u00ebs Italiane n\u00eb Tiran\u00eb, t\u00eb Shoqatave Ipsia \u2013 Acli dhe Inas Cisl, shum\u00eb aktive n\u00eb fush\u00ebn e orientimit t\u00eb student\u00ebve shqiptar\u00eb n\u00eb Itali, t\u00eb APADI (Shoqata e Profesor\u00ebve Shqiptar\u00eb t\u00eb italishtes) dhe t\u00eb <A href=\"mailto:AS@N\">AS@N<\/A> (Organizata e student\u00ebve shqiptar\u00eb n\u00eb bot\u00eb). <\/P><br \/>\n<P>Edhe pse t\u00eb Studiosh n\u00eb Itali u drejtohet m\u00eb s\u00eb shumti student\u00ebve t\u00eb cil\u00eb d\u00ebshirojn\u00eb t\u00eb fillojn\u00eb ose t\u00eb vazhdojn\u00eb studimet e tyre universitare n\u00eb Itali, ky aktivitet do t\u00eb jet\u00eb gjithashtu nj\u00eb mund\u00ebsi takimi midis p\u00ebrgjegj\u00ebsve t\u00eb Universiteteve italiane dhe atyre shqiptare, Rektor\u00ebt e cil\u00ebve jan\u00eb ftuar t\u00eb flasin, n\u00eb m\u00ebnyr\u00eb q\u00eb t\u00eb nxisin kontakte t\u00eb reja ose t\u00eb forcojn\u00eb ato ekzistueset, p\u00ebr shk\u00ebmbime t\u00eb mund\u00ebshme studentore, si dhe p\u00ebr ngritjen e rrug\u00ebve t\u00eb bashk\u00ebpunimit arsimor\/formativ t\u00eb p\u00ebrbashk\u00ebt. <\/P><br \/>\n<P>Theksohet, s\u00eb fundi, prania e Rektor\u00ebve t\u00eb Universitetit t\u00eb Camerino-s, Kalabris\u00eb, Palermos, Universitetit p\u00ebr t\u00eb Huaj t\u00eb Perugia-s dhe t\u00eb Universitetit Zoja e K\u00ebshillit t\u00eb Mir\u00eb .<BR><\/P><\/p>\n","protected":false},"excerpt":{"rendered":"25-26 tetor 2013 Galeria Komb\u00ebtare e Arteve, Tiran\u00eb Drejtori i P\u00ebrgjithsh\u00ebm p\u00ebr \u00c7\u00ebshtjet Nd\u00ebrkomb\u00ebtare t\u00eb Ministris\u00eb italiane t\u00eb Arsimit, Universitetit dhe K\u00ebrkimit si dhe p\u00ebrfaq\u00ebsuesit e m\u00eb shum\u00eb se nj\u00ebzet universiteteve italiane do t\u00eb jen\u00eb n\u00eb Tiran\u00eb n\u00eb datat 25 dhe 26 tetor p\u00ebr edicionin e dyt\u00eb t\u00eb aktivitetit q\u00eb lidhet me promovimin e sistemit [&hellip;]","protected":false},"author":1,"featured_media":0,"comment_status":"","ping_status":"","sticky":false,"template":"","format":"standard","meta":{"footnotes":""},"tags":[],"class_list":["post-4955","post","type-post","status-publish","format-standard","hentry"],"_links":{"self":[{"href":"https:\/\/ambtirana.esteri.it\/sq\/wp-json\/wp\/v2\/posts\/4955","targetHints":{"allow":["GET"]}}],"collection":[{"href":"https:\/\/ambtirana.esteri.it\/sq\/wp-json\/wp\/v2\/posts"}],"about":[{"href":"https:\/\/ambtirana.esteri.it\/sq\/wp-json\/wp\/v2\/types\/post"}],"author":[{"embeddable":true,"href":"https:\/\/ambtirana.esteri.it\/sq\/wp-json\/wp\/v2\/users\/1"}],"replies":[{"embeddable":true,"href":"https:\/\/ambtirana.esteri.it\/sq\/wp-json\/wp\/v2\/comments?post=4955"}],"version-history":[{"count":0,"href":"https:\/\/ambtirana.esteri.it\/sq\/wp-json\/wp\/v2\/posts\/4955\/revisions"}],"wp:attachment":[{"href":"https:\/\/ambtirana.esteri.it\/sq\/wp-json\/wp\/v2\/media?parent=4955"}],"wp:term":[{"taxonomy":"post_tag","embeddable":true,"href":"https:\/\/ambtirana.esteri.it\/sq\/wp-json\/wp\/v2\/tags?post=4955"}],"curies":[{"name":"wp","href":"https:\/\/api.w.org\/{rel}","templated":true}]}}