{"id":4960,"date":"2013-09-09T08:22:31","date_gmt":"2013-09-09T06:22:31","guid":{"rendered":"https:\/\/ambtirana.esteri.it\/news\/dall_ambasciata\/2013\/09\/omaggio-a-verdi-nel-bicentenario-della-nascita-2\/"},"modified":"2013-09-09T08:22:31","modified_gmt":"2013-09-09T06:22:31","slug":"omaggio-a-verdi-nel-bicentenario-della-nascita-2","status":"publish","type":"post","link":"https:\/\/ambtirana.esteri.it\/sq\/news\/dall_ambasciata\/2013\/09\/omaggio-a-verdi-nel-bicentenario-della-nascita-2\/","title":{"rendered":"Shqip\u00ebria dhe Italia t\u00eb bashkuara n\u00eb k\u00ebt\u00eb homazh ndaj Verdit me rastin e dyqind vjetorit t\u00eb lindjes"},"content":{"rendered":"<p><P>Requiem, Teatri i Operas dhe Baletit n\u00eb Tiran\u00eb, 11 shtator, 19.30<\/P><P>Requiem, Kisha Fran\u00e7eskane n\u00eb Shkod\u00ebr, 12 shtator, 18.00<\/P><br \/>\n<P>Ekspozit\u00eb Partiturash Verdiane, Teatri i Operas dhe Baletit n\u00eb Tiran\u00eb, 11 shtator, 19.00<\/P><br \/>\n<P>Veprimtarit\u00eb e Institutit Italian t\u00eb Kultur\u00ebs dhe Stina Koncertore\u00a0 e Teatrit t\u00eb Operas dhe Baletit n\u00eb Tiran\u00eb do t\u00eb rifillojn\u00eb, pas pushimeve t\u00eb ver\u00ebs, me nj\u00eb aktivitet t\u00eb ve\u00e7ant\u00eb kushtuar kompozitorit t\u00eb madh Giuseppe Verdi me rastin e dyqind vjetorit t\u00eb lindjes s\u00eb tij.<BR>Aktiviteti \u00ebsht\u00eb rezultat i nj\u00eb bashk\u00ebpunimi t\u00eb r\u00ebnd\u00ebsish\u00ebm midis Shqip\u00ebris\u00eb dhe Italis\u00eb q\u00eb do t\u00eb bashkoj\u00eb Orkestr\u00ebn Rinore t\u00eb Shkoll\u00ebs s\u00eb Muzik\u00ebs Fiesole, Orkestr\u00ebn Rinore Shqiptare themeluar koh\u00ebt e fundit dhe Korin e Teatrit t\u00eb Operas dhe Baletit n\u00eb shfaqjen e par\u00eb n\u00eb Shqip\u00ebri t\u00eb Requiem t\u00eb Verdit.<BR>Projekti, i organizuar nga Shkolla e Muzik\u00ebs s\u00eb Fiesoles dhe Fondacioni Idea n\u00eb bashk\u00ebpunim me Institutin Italian t\u00eb Kultur\u00ebs n\u00eb Tiran\u00eb, n\u00ebn kujdesin e Ambasad\u00ebs Italiane n\u00eb Tiran\u00eb dhe mb\u00ebshtetjen e Kompanis\u00eb Belleair dhe Konsullat\u00ebs Italiane n\u00eb Shkod\u00ebr.<BR>Requiem-i, n\u00eb fakt, do t\u00eb shfaqet p\u00ebr her\u00eb t\u00eb par\u00eb t\u00eb m\u00ebrkur\u00ebn m\u00eb 11 shtator n\u00eb Tiran\u00eb, n\u00eb Teatrin e Operas dhe t\u00eb Baletit, n\u00eb or\u00ebn 19:30; t\u00eb nes\u00ebrmen, m\u00eb 12 shtator, dy orkestrat rinore prej 86 muzikant\u00ebsh shqiptar\u00eb dhe italian\u00eb, 60 korist\u00eb t\u00eb Teatrit t\u00eb Operas, kat\u00ebr solist\u00eb (Serena Daolio, soprano; Cristina Melis, mezzo &#8211; soprano; Alessandro Liberatore, tenor; Raffaele Costantini, bas), Dirigjenti M\u00b0 Aldo Ceccato, Drejtori i Projektit Guido Corti dhe Drejtor\u00ebt Artistik\u00eb Arb\u00ebr Neziri dhe P\u00ebllumb Vorpsi do t\u00eb zhvendosen n\u00eb Shkod\u00ebr p\u00ebr t\u00eb interpretuar n\u00eb Kish\u00ebn Fran\u00e7eskane, n\u00eb or\u00ebn 18, kompozimin e shenjt\u00eb me t\u00eb cilin Verdi do t\u00eb p\u00ebrkujtonte shkrimtarin e famsh\u00ebm Alessandro Manzoni n\u00eb\u00a0 1874-t\u00ebn nj\u00eb vit pas vdekjes s\u00eb tij.<BR>Angazhimi i dy orkestrave, asaj t\u00eb Fiesole-s dhe asaj shqiptare, do t\u00eb vazhdoj\u00eb n\u00eb Itali, n\u00eb Pisa, m\u00eb 14 shtator, kur, n\u00ebn drejtimin e M\u00b0 Ceccato-s, muzikant\u00ebt e rinj do t\u00eb ken\u00eb nderin t\u00eb hapin P\u00ebrmbledhjen Nd\u00ebrkomb\u00ebtare t\u00eb Muzik\u00ebs s\u00eb Shenjt\u00eb Anima Mundi, drejtuar nga Sir John Eliot Gardiner dhe kushtuar k\u00ebt\u00eb vit Verdit .<BR>Homazhet ndaj Verdi-t do t\u00eb pasurohen me prezantimin e nj\u00eb Ekspozite Antologjike t\u00eb Partiturave Verdiane propozuar nga Akademia Komb\u00ebtare e Artit Antik dhe Modern dhe nga Ministria e Pun\u00ebve t\u00eb Jashtme, n\u00ebn Patronazhin e Lart\u00eb t\u00eb Presidentit t\u00eb Republik\u00ebs italiane. Ekspozita do t\u00eb p\u00ebrurohet t\u00eb m\u00ebrkur\u00ebn, m\u00eb 11 shtator n\u00eb or\u00ebn 19, n\u00eb hollin e Teatrit t\u00eb Operas dhe Baletit ku do t\u00eb prezantohen rreth 30 partitura origjinale t\u00eb asaj kohe t\u00eb veprave t\u00eb Verdit, me q\u00ebllim promovimin e nj\u00eb aspekti pak t\u00eb njohur n\u00eb p\u00ebrhapjen s\u00eb muzik\u00ebs, si\u00e7 \u00ebsht\u00eb imazhi. Ekspozita do t\u00eb q\u00ebndroj\u00eb e hapur deri m\u00eb 26 shtator.<\/P><br \/>\n<P>\u00a0<\/P><\/p>\n","protected":false},"excerpt":{"rendered":"Requiem, Teatri i Operas dhe Baletit n\u00eb Tiran\u00eb, 11 shtator, 19.30Requiem, Kisha Fran\u00e7eskane n\u00eb Shkod\u00ebr, 12 shtator, 18.00 Ekspozit\u00eb Partiturash Verdiane, Teatri i Operas dhe Baletit n\u00eb Tiran\u00eb, 11 shtator, 19.00 Veprimtarit\u00eb e Institutit Italian t\u00eb Kultur\u00ebs dhe Stina Koncertore\u00a0 e Teatrit t\u00eb Operas dhe Baletit n\u00eb Tiran\u00eb do t\u00eb rifillojn\u00eb, pas pushimeve t\u00eb ver\u00ebs, [&hellip;]","protected":false},"author":1,"featured_media":0,"comment_status":"","ping_status":"","sticky":false,"template":"","format":"standard","meta":{"footnotes":""},"tags":[],"class_list":["post-4960","post","type-post","status-publish","format-standard","hentry"],"_links":{"self":[{"href":"https:\/\/ambtirana.esteri.it\/sq\/wp-json\/wp\/v2\/posts\/4960","targetHints":{"allow":["GET"]}}],"collection":[{"href":"https:\/\/ambtirana.esteri.it\/sq\/wp-json\/wp\/v2\/posts"}],"about":[{"href":"https:\/\/ambtirana.esteri.it\/sq\/wp-json\/wp\/v2\/types\/post"}],"author":[{"embeddable":true,"href":"https:\/\/ambtirana.esteri.it\/sq\/wp-json\/wp\/v2\/users\/1"}],"replies":[{"embeddable":true,"href":"https:\/\/ambtirana.esteri.it\/sq\/wp-json\/wp\/v2\/comments?post=4960"}],"version-history":[{"count":0,"href":"https:\/\/ambtirana.esteri.it\/sq\/wp-json\/wp\/v2\/posts\/4960\/revisions"}],"wp:attachment":[{"href":"https:\/\/ambtirana.esteri.it\/sq\/wp-json\/wp\/v2\/media?parent=4960"}],"wp:term":[{"taxonomy":"post_tag","embeddable":true,"href":"https:\/\/ambtirana.esteri.it\/sq\/wp-json\/wp\/v2\/tags?post=4960"}],"curies":[{"name":"wp","href":"https:\/\/api.w.org\/{rel}","templated":true}]}}