{"id":4972,"date":"2013-08-06T13:24:35","date_gmt":"2013-08-06T11:24:35","guid":{"rendered":"https:\/\/ambtirana.esteri.it\/news\/dall_ambasciata\/2013\/08\/validita-passaporti-2\/"},"modified":"2013-08-06T13:24:35","modified_gmt":"2013-08-06T11:24:35","slug":"validita-passaporti-2","status":"publish","type":"post","link":"https:\/\/ambtirana.esteri.it\/sq\/news\/dall_ambasciata\/2013\/08\/validita-passaporti-2\/","title":{"rendered":"RREGULL I RI P\u00cbR HYRJEN N\u00cb HAP\u00cbSIR\u00cbN SCHENGEN ME PASAPORT\u00cb BIOMETRIKE"},"content":{"rendered":"<p><P style=\"MARGIN: 0cm 0cm 0pt\" class=\"MsoNormal\"><SPAN style=\"mso-ansi-language: EN-GB\" lang=\"EN-GB\"><FONT size=\"3\"><FONT color=\"#000000\"><FONT face=\"Times New Roman\">Njoftojm\u00eb se, duke filluar nga data 19 korrik 2013, me hyrjen n\u00eb fuqi t\u00eb Rregullores BE n. 610\/2013, q\u00eb ndryshon Kodin e kufijve Schengen, qytetar\u00ebt e huaj q\u00eb duan t\u00eb hyjn\u00eb n\u00eb Hap\u00ebsir\u00ebn Schengen p\u00ebr nj\u00eb periudh\u00eb m\u00eb t\u00eb shkurt\u00ebr se 90 dit\u00eb, duhet DETYRIMISHT t\u00eb jen\u00eb t\u00eb pajisur me nj\u00eb pasaporte biometrike t\u00eb vlefshme p\u00ebr t\u00eb pakt\u00ebn 3 muaj pas dat\u00ebs s\u00eb daljes nga Vendet Schengen dhe q\u00eb t\u00eb jet\u00eb l\u00ebshuar jo m\u00eb shum\u00eb se 10 vjet m\u00eb par\u00eb. <?xml:namespace prefix = \"o\" ns = \"urn:schemas-microsoft-com:office:office\" \/><o:p><\/o:p><\/FONT><\/FONT><\/FONT><\/SPAN><\/P><P style=\"MARGIN: 0cm 0cm 0pt\" class=\"MsoNormal\"><SPAN style=\"mso-ansi-language: EN-GB\" lang=\"EN-GB\"><o:p><FONT color=\"#000000\" size=\"3\" face=\"Times New Roman\">\u00a0<\/FONT><\/o:p><\/SPAN><\/P><br \/>\n<P style=\"MARGIN: 0cm 0cm 0pt\" class=\"MsoNormal\"><SPAN style=\"mso-ansi-language: EN-GB\" lang=\"EN-GB\"><FONT size=\"3\"><FONT color=\"#000000\"><FONT face=\"Times New Roman\"><SPAN style=\"mso-spacerun: yes\">\u00a0<\/SPAN><o:p><\/o:p><\/FONT><\/FONT><\/FONT><\/SPAN><\/P><br \/>\n<P style=\"MARGIN: 0cm 0cm 0pt\" class=\"MsoNormal\"><SPAN style=\"mso-ansi-language: EN-GB\" lang=\"EN-GB\"><o:p><FONT color=\"#000000\" size=\"3\" face=\"Times New Roman\">\u00a0<\/FONT><\/o:p><\/SPAN><\/P><\/p>\n","protected":false},"excerpt":{"rendered":"Njoftojm\u00eb se, duke filluar nga data 19 korrik 2013, me hyrjen n\u00eb fuqi t\u00eb Rregullores BE n. 610\/2013, q\u00eb ndryshon Kodin e kufijve Schengen, qytetar\u00ebt e huaj q\u00eb duan t\u00eb hyjn\u00eb n\u00eb Hap\u00ebsir\u00ebn Schengen p\u00ebr nj\u00eb periudh\u00eb m\u00eb t\u00eb shkurt\u00ebr se 90 dit\u00eb, duhet DETYRIMISHT t\u00eb jen\u00eb t\u00eb pajisur me nj\u00eb pasaporte biometrike t\u00eb vlefshme [&hellip;]","protected":false},"author":1,"featured_media":0,"comment_status":"","ping_status":"","sticky":false,"template":"","format":"standard","meta":{"footnotes":""},"tags":[],"class_list":["post-4972","post","type-post","status-publish","format-standard","hentry"],"_links":{"self":[{"href":"https:\/\/ambtirana.esteri.it\/sq\/wp-json\/wp\/v2\/posts\/4972","targetHints":{"allow":["GET"]}}],"collection":[{"href":"https:\/\/ambtirana.esteri.it\/sq\/wp-json\/wp\/v2\/posts"}],"about":[{"href":"https:\/\/ambtirana.esteri.it\/sq\/wp-json\/wp\/v2\/types\/post"}],"author":[{"embeddable":true,"href":"https:\/\/ambtirana.esteri.it\/sq\/wp-json\/wp\/v2\/users\/1"}],"replies":[{"embeddable":true,"href":"https:\/\/ambtirana.esteri.it\/sq\/wp-json\/wp\/v2\/comments?post=4972"}],"version-history":[{"count":0,"href":"https:\/\/ambtirana.esteri.it\/sq\/wp-json\/wp\/v2\/posts\/4972\/revisions"}],"wp:attachment":[{"href":"https:\/\/ambtirana.esteri.it\/sq\/wp-json\/wp\/v2\/media?parent=4972"}],"wp:term":[{"taxonomy":"post_tag","embeddable":true,"href":"https:\/\/ambtirana.esteri.it\/sq\/wp-json\/wp\/v2\/tags?post=4972"}],"curies":[{"name":"wp","href":"https:\/\/api.w.org\/{rel}","templated":true}]}}