{"id":5003,"date":"2013-06-20T09:27:35","date_gmt":"2013-06-20T07:27:35","guid":{"rendered":"https:\/\/ambtirana.esteri.it\/news\/dall_ambasciata\/2013\/06\/premio-di-giornalismo-investigativo-2013-2\/"},"modified":"2013-06-20T09:27:35","modified_gmt":"2013-06-20T07:27:35","slug":"premio-di-giornalismo-investigativo-2013-2","status":"publish","type":"post","link":"https:\/\/ambtirana.esteri.it\/sq\/news\/dall_ambasciata\/2013\/06\/premio-di-giornalismo-investigativo-2013-2\/","title":{"rendered":"\u00c7mimi p\u00ebr merita t\u00eb larta n\u00eb gazetarin\u00eb investigative"},"content":{"rendered":"<p><P style=\"MARGIN: 0cm 0cm 0pt\" class=\"MsoNormal\"><SPAN style=\"mso-ansi-language: EN-GB\" lang=\"EN-GB\"><?xml:namespace prefix = \"o\" ns = \"urn:schemas-microsoft-com:office:office\" \/><o:p><FONT color=\"#000000\" size=\"3\" face=\"Times New Roman\"><\/FONT><\/o:p><\/SPAN><\/P><P style=\"MARGIN: 0cm 0cm 0pt\" class=\"MsoNormal\"><SPAN style=\"mso-ansi-language: EN-GB\" lang=\"EN-GB\"><FONT size=\"3\"><FONT color=\"#000000\"><FONT face=\"Times New Roman\">Nisma e Europ\u00ebs Q\u00ebndrore (CEI) dhe South East Europe media organisation (Seemo),n\u00eb bashk\u00ebpunim me Konrad Adenauer Stiftung (Kas), paraqit\u00ebn shpalljen per edicionin e vitit 2013 t\u00eb \u00e7mimit p\u00ebr merita t\u00eb larta n\u00eb gazetarin\u00eb investigative. Konkursi parashikon dy seksione, Gazetar\u00eb profesionist\u00eb (4000 Euro) dhe Gazet\u00ebr\u00eb t\u00eb Rinj (1000 Euro), dhe mund t\u00eb marrin pjes\u00eb shtetas t\u00eb 18 vendeve at\u00ebtare t\u00eb CEI-t: Shqip\u00ebri, Austri, Biellorusi, Bosnje-Hercegovin\u00eb, Bullgari, Kroaci, Itali, ish Republika Jugosllave e Maqedonis\u00eb (Fyrom), Moldov\u00eb, Mal i Zi, Poloni, Republika \u00c7eke, Rumani, Serbi, Sllovaki, Ukrain\u00eb dhe Hungari. <o:p><\/o:p><\/FONT><\/FONT><\/FONT><\/SPAN><\/P><br \/>\n<P style=\"MARGIN: 0cm 0cm 0pt\" class=\"MsoNormal\"><SPAN style=\"mso-ansi-language: EN-GB\" lang=\"EN-GB\"><FONT size=\"3\"><FONT color=\"#000000\"><FONT face=\"Times New Roman\"><SPAN style=\"mso-spacerun: yes\">\u00a0<\/SPAN><o:p><\/o:p><\/FONT><\/FONT><\/FONT><\/SPAN><\/P><br \/>\n<P style=\"MARGIN: 0cm 0cm 0pt\" class=\"MsoNormal\"><SPAN style=\"mso-ansi-language: EN-GB\" lang=\"EN-GB\"><FONT size=\"3\"><FONT color=\"#000000\"><FONT face=\"Times New Roman\"><A href=\"\/resource\/2013\/06\/26425_f_JournalismAward_CALL2014.pdf\">Call for applications 2013 &#8211; A\u00ebard for Outstanding Merits in Investigative Journalism<\/A><\/FONT><\/FONT><\/FONT><\/SPAN><\/P><\/p>\n","protected":false},"excerpt":{"rendered":"Nisma e Europ\u00ebs Q\u00ebndrore (CEI) dhe South East Europe media organisation (Seemo),n\u00eb bashk\u00ebpunim me Konrad Adenauer Stiftung (Kas), paraqit\u00ebn shpalljen per edicionin e vitit 2013 t\u00eb \u00e7mimit p\u00ebr merita t\u00eb larta n\u00eb gazetarin\u00eb investigative. Konkursi parashikon dy seksione, Gazetar\u00eb profesionist\u00eb (4000 Euro) dhe Gazet\u00ebr\u00eb t\u00eb Rinj (1000 Euro), dhe mund t\u00eb marrin pjes\u00eb shtetas t\u00eb [&hellip;]","protected":false},"author":1,"featured_media":0,"comment_status":"","ping_status":"","sticky":false,"template":"","format":"standard","meta":{"footnotes":""},"tags":[],"class_list":["post-5003","post","type-post","status-publish","format-standard","hentry"],"_links":{"self":[{"href":"https:\/\/ambtirana.esteri.it\/sq\/wp-json\/wp\/v2\/posts\/5003","targetHints":{"allow":["GET"]}}],"collection":[{"href":"https:\/\/ambtirana.esteri.it\/sq\/wp-json\/wp\/v2\/posts"}],"about":[{"href":"https:\/\/ambtirana.esteri.it\/sq\/wp-json\/wp\/v2\/types\/post"}],"author":[{"embeddable":true,"href":"https:\/\/ambtirana.esteri.it\/sq\/wp-json\/wp\/v2\/users\/1"}],"replies":[{"embeddable":true,"href":"https:\/\/ambtirana.esteri.it\/sq\/wp-json\/wp\/v2\/comments?post=5003"}],"version-history":[{"count":0,"href":"https:\/\/ambtirana.esteri.it\/sq\/wp-json\/wp\/v2\/posts\/5003\/revisions"}],"wp:attachment":[{"href":"https:\/\/ambtirana.esteri.it\/sq\/wp-json\/wp\/v2\/media?parent=5003"}],"wp:term":[{"taxonomy":"post_tag","embeddable":true,"href":"https:\/\/ambtirana.esteri.it\/sq\/wp-json\/wp\/v2\/tags?post=5003"}],"curies":[{"name":"wp","href":"https:\/\/api.w.org\/{rel}","templated":true}]}}