{"id":5009,"date":"2013-06-18T14:53:47","date_gmt":"2013-06-18T12:53:47","guid":{"rendered":"https:\/\/ambtirana.esteri.it\/news\/dall_ambasciata\/2013\/06\/posticipazione-dei-termini-per-le-pre-iscrizioni-universitarie-2\/"},"modified":"2013-06-18T14:53:47","modified_gmt":"2013-06-18T12:53:47","slug":"posticipazione-dei-termini-per-le-pre-iscrizioni-universitarie-2","status":"publish","type":"post","link":"https:\/\/ambtirana.esteri.it\/sq\/news\/dall_ambasciata\/2013\/06\/posticipazione-dei-termini-per-le-pre-iscrizioni-universitarie-2\/","title":{"rendered":"\u00a0Shtyhet afati p\u00ebr para-regjistrimet universitare dhe p\u00ebr regjistrimin n\u00eb testet e pranimit"},"content":{"rendered":"<p><P>KUJDES: Ministria e Arsimit italiane e Universitetit dhe K\u00ebrkimit ka shpallur sot dekretin n. 449 t\u00eb dat\u00ebs 12 qershor 2013, me t\u00eb cilin vendos t\u00eb shtyj\u00eb p\u00ebr n\u00eb shtator testet e pranimit p\u00ebr Fakultetet me num\u00ebr t\u00eb mbyllur. <\/P><P>Si pasoj\u00eb e k\u00ebtij ndryshimi \u00ebsht\u00eb vendosur t\u00eb shtyhet edhe data p\u00ebr paraqitjen e k\u00ebrkesave p\u00ebr para-regjistrim, p\u00ebr t\u00eb gjitha deg\u00ebt universitare italiane deri m\u00eb dat\u00eb 5 korrik 2013. Afati p\u00ebr t\u00eb paraqitur k\u00ebrkes\u00ebn e para-regjistrimit nuk \u00ebsht\u00eb m\u00eb data 21 qershor, si\u00e7 ishte njoftuar m\u00eb par\u00eb, por data 5 korrik 2013). <\/P><br \/>\n<P>Student\u00ebt q\u00eb nuk e kan\u00eb b\u00ebr\u00eb ende regjistrimin online n\u00eb testet e pranimit p\u00ebr Fakultetet me num\u00ebr t\u00eb mbyllur (kujtojm\u00eb se regjistrimi online \u00ebsht\u00eb i detyrueshem p\u00ebr t\u00eb paraqitur k\u00ebrkes\u00ebn e para-regjistrimit), mund ta b\u00ebjn\u00eb, gjithmon\u00eb n\u00eb sitin <A href=\"http:\/\/www.univeritaly.it\">www.univeritaly.it<\/A>, prej dat\u00ebs 25 qershor 2013 (dhe mund t\u00eb paraqesin fatur\u00ebn e regjistrimit n\u00eb dit\u00ebn e paraqitjes s\u00eb k\u00ebrkes\u00ebs s\u00eb para-regjistrimit). <BR>\u00a0<BR>KUJDES: t\u00eb gjith\u00eb student\u00ebt q\u00eb kan\u00eb b\u00ebr\u00eb regjistrimin online n\u00eb k\u00ebto teste duhet detyrimisht t\u00eb hyjn\u00eb p\u00ebrs\u00ebri n\u00eb sitin Universitality p\u00ebr t\u00eb konfirmuar regjistrimin n\u00eb test dhe duhet t\u2019i d\u00ebrgojn\u00eb Zyr\u00ebs s\u00eb Student\u00ebve t\u00eb Ambasad\u00ebs (me email, n\u00eb adres\u00ebn <A href=\"mailto:scuole.tirana@esteri.it\">scuole.tirana@esteri.it<\/A>) fatur\u00ebn e re t\u00eb regjistrimit t\u00eb l\u00ebshuar nga sistemi. <\/P><br \/>\n<P><BR>\u00a0<\/P><br \/>\n<P><BR>\u00a0<\/P><\/p>\n","protected":false},"excerpt":{"rendered":"KUJDES: Ministria e Arsimit italiane e Universitetit dhe K\u00ebrkimit ka shpallur sot dekretin n. 449 t\u00eb dat\u00ebs 12 qershor 2013, me t\u00eb cilin vendos t\u00eb shtyj\u00eb p\u00ebr n\u00eb shtator testet e pranimit p\u00ebr Fakultetet me num\u00ebr t\u00eb mbyllur. Si pasoj\u00eb e k\u00ebtij ndryshimi \u00ebsht\u00eb vendosur t\u00eb shtyhet edhe data p\u00ebr paraqitjen e k\u00ebrkesave p\u00ebr para-regjistrim, [&hellip;]","protected":false},"author":1,"featured_media":0,"comment_status":"","ping_status":"","sticky":false,"template":"","format":"standard","meta":{"footnotes":""},"tags":[],"class_list":["post-5009","post","type-post","status-publish","format-standard","hentry"],"_links":{"self":[{"href":"https:\/\/ambtirana.esteri.it\/sq\/wp-json\/wp\/v2\/posts\/5009","targetHints":{"allow":["GET"]}}],"collection":[{"href":"https:\/\/ambtirana.esteri.it\/sq\/wp-json\/wp\/v2\/posts"}],"about":[{"href":"https:\/\/ambtirana.esteri.it\/sq\/wp-json\/wp\/v2\/types\/post"}],"author":[{"embeddable":true,"href":"https:\/\/ambtirana.esteri.it\/sq\/wp-json\/wp\/v2\/users\/1"}],"replies":[{"embeddable":true,"href":"https:\/\/ambtirana.esteri.it\/sq\/wp-json\/wp\/v2\/comments?post=5009"}],"version-history":[{"count":0,"href":"https:\/\/ambtirana.esteri.it\/sq\/wp-json\/wp\/v2\/posts\/5009\/revisions"}],"wp:attachment":[{"href":"https:\/\/ambtirana.esteri.it\/sq\/wp-json\/wp\/v2\/media?parent=5009"}],"wp:term":[{"taxonomy":"post_tag","embeddable":true,"href":"https:\/\/ambtirana.esteri.it\/sq\/wp-json\/wp\/v2\/tags?post=5009"}],"curies":[{"name":"wp","href":"https:\/\/api.w.org\/{rel}","templated":true}]}}