{"id":5026,"date":"2013-05-21T13:41:18","date_gmt":"2013-05-21T11:41:18","guid":{"rendered":"https:\/\/ambtirana.esteri.it\/news\/dall_ambasciata\/2013\/05\/mostra-fotografica-tirana-a-nudo-2\/"},"modified":"2013-05-21T13:41:18","modified_gmt":"2013-05-21T11:41:18","slug":"mostra-fotografica-tirana-a-nudo-2","status":"publish","type":"post","link":"https:\/\/ambtirana.esteri.it\/sq\/news\/dall_ambasciata\/2013\/05\/mostra-fotografica-tirana-a-nudo-2\/","title":{"rendered":"Ekspozite fotografike Tirana Nudo"},"content":{"rendered":"<p><P>Zyra Shkollore e Ambasad\u00ebs s\u00eb Italis\u00eb n\u00eb Tiran\u00eb, n\u00eb kuad\u00ebr t\u00eb aktiviteteve shkollore t\u00eb Programit Iliria, ka organizuar n\u00eb bashk\u00ebpunim me Liceun Artistik Jordan Misja nj\u00eb kurs fotografie prej 30 or\u00ebsh p\u00ebr student\u00ebt e gjuhes italiane. Kursi i mbajtur nga fotografja Paola Favoino ka nisur prej dat\u00ebs 19 mars, duke oftruar parimet baz\u00eb t\u00eb fotografis\u00eb s\u00eb reportazhit, e konceptuar si instrument p\u00ebr t\u00eb vrojtuar dhe analizuar realitetin. N\u00eb p\u00ebrfundim t\u00eb pun\u00ebs p\u00ebrgatitore n\u00eb klas\u00eb, nx\u00ebn\u00ebsit kan\u00eb punuar n\u00eb m\u00ebnyr\u00eb t\u00eb pavarur mbi nj\u00eb tem\u00eb t\u00eb caktuar, me q\u00ebllimin p\u00ebr t\u00eb treguar, p\u00ebrmes pamjeve fotografike, realitetin q\u00eb i rrethon (qytetin, familjen, shkoll\u00ebn, mediat, ambientin, dallimet mes gjeneratave t\u00eb ndryshme etj.). Ekspozita TIRANA NUDO \u00ebsht\u00eb rezultat i k\u00ebtij rrug\u00ebtimi dhe do t\u00eb p\u00ebrurohet dit\u00ebn e enjte, 23 maj, ora 18.00, pran\u00eb Institutit Italian t\u00eb Kultur\u00ebs (Pallati i Kultur\u00ebs, kati II).\u00a0\u00a0 <\/P><P><A href=\"\/resource\/2013\/05\/25880_f_943247_626735354022547_478170400_n.jpg\">Tirana Nudo<\/A> <BR><\/P><\/p>\n","protected":false},"excerpt":{"rendered":"Zyra Shkollore e Ambasad\u00ebs s\u00eb Italis\u00eb n\u00eb Tiran\u00eb, n\u00eb kuad\u00ebr t\u00eb aktiviteteve shkollore t\u00eb Programit Iliria, ka organizuar n\u00eb bashk\u00ebpunim me Liceun Artistik Jordan Misja nj\u00eb kurs fotografie prej 30 or\u00ebsh p\u00ebr student\u00ebt e gjuhes italiane. Kursi i mbajtur nga fotografja Paola Favoino ka nisur prej dat\u00ebs 19 mars, duke oftruar parimet baz\u00eb t\u00eb fotografis\u00eb [&hellip;]","protected":false},"author":1,"featured_media":0,"comment_status":"","ping_status":"","sticky":false,"template":"","format":"standard","meta":{"footnotes":""},"tags":[],"class_list":["post-5026","post","type-post","status-publish","format-standard","hentry"],"_links":{"self":[{"href":"https:\/\/ambtirana.esteri.it\/sq\/wp-json\/wp\/v2\/posts\/5026","targetHints":{"allow":["GET"]}}],"collection":[{"href":"https:\/\/ambtirana.esteri.it\/sq\/wp-json\/wp\/v2\/posts"}],"about":[{"href":"https:\/\/ambtirana.esteri.it\/sq\/wp-json\/wp\/v2\/types\/post"}],"author":[{"embeddable":true,"href":"https:\/\/ambtirana.esteri.it\/sq\/wp-json\/wp\/v2\/users\/1"}],"replies":[{"embeddable":true,"href":"https:\/\/ambtirana.esteri.it\/sq\/wp-json\/wp\/v2\/comments?post=5026"}],"version-history":[{"count":0,"href":"https:\/\/ambtirana.esteri.it\/sq\/wp-json\/wp\/v2\/posts\/5026\/revisions"}],"wp:attachment":[{"href":"https:\/\/ambtirana.esteri.it\/sq\/wp-json\/wp\/v2\/media?parent=5026"}],"wp:term":[{"taxonomy":"post_tag","embeddable":true,"href":"https:\/\/ambtirana.esteri.it\/sq\/wp-json\/wp\/v2\/tags?post=5026"}],"curies":[{"name":"wp","href":"https:\/\/api.w.org\/{rel}","templated":true}]}}