{"id":5075,"date":"2013-04-24T08:22:32","date_gmt":"2013-04-24T06:22:32","guid":{"rendered":"https:\/\/ambtirana.esteri.it\/news\/dall_ambasciata\/2013\/04\/concerto-per-il-bicentenario-della-nascita-di-giuseppe-verdi-2\/"},"modified":"2013-04-24T08:22:32","modified_gmt":"2013-04-24T06:22:32","slug":"concerto-per-il-bicentenario-della-nascita-di-giuseppe-verdi-2","status":"publish","type":"post","link":"https:\/\/ambtirana.esteri.it\/sq\/news\/dall_ambasciata\/2013\/04\/concerto-per-il-bicentenario-della-nascita-di-giuseppe-verdi-2\/","title":{"rendered":"Koncerti VERDI Bashk\u00ebkoh\u00ebsi Yn\u00eb"},"content":{"rendered":"<p><P>Zyra p\u00ebr Bashk\u00ebpunimin Shkollor e Ambasad\u00ebs s\u00eb Italis\u00eb n\u00eb Tiran\u00eb, n\u00eb kuad\u00ebr t\u00eb Marr\u00ebveshjes Iliria, organizon n\u00eb bashk\u00ebpunim me Liceun Artistik \u201cJ. Misja\u201d t\u00eb Tiran\u00ebs koncertin VERDI Bashk\u00ebkoh\u00ebsi Yn\u00eb, p\u00ebr kremtimin e Dyqind vjetorin e lindjes s\u00eb Giuseppe Verdi-t.<BR>Me gjith\u00eb largpam\u00ebsin\u00eb e tij, virtyt i modernizmit t\u00eb rall\u00eb q\u00eb p\u00ebrfaq\u00ebsonte, ndoshta as ai vet\u00eb nuk do t\u00eb kishte p\u00ebrfytyruar rritjen e vazhdueshme t\u00eb fam\u00ebs s\u00eb vepr\u00ebs s\u00eb tij si dhe kremtimin sot t\u00eb dyqindvjetorit t\u00eb lindjes. Verdi luajti kompozimin e par\u00eb n\u00eb spinet\u00ebn q\u00eb nj\u00eb artizan i kishte riparuar pa pages\u00eb, duke nuhatur talentin e atij djaloshi. P\u00ebrcaktues p\u00ebr t\u00eb ardhmen e tij ishte takimi me Antonio Barezzi-n, i cili e mbeshteti duke paguar p\u00ebr studimet muzikore q\u00eb e \u00e7uan Verdi-n aq larg Busseto-s, vendlindjes s\u00eb tij. Ndoshta kurr\u00eb nuk e kishte menduar, ai q\u00eb vinte nga nj\u00eb familje e thjesht\u00eb bujqish, se vepra e tij do t\u00eb arrinte suksesin q\u00eb njohu, n\u00eb t\u00eb shkuar\u00ebn ashtu si edhe n\u00eb dit\u00ebt tona, <BR>Verdi u duartokit n\u00eb teatrot n\u00eb Itali dhe Evrop\u00eb, n\u00eb Milano dhe Paris, ishte p\u00ebrfq\u00ebsues i modernizmit q\u00eb sh\u00ebnoi etapat e lindjes s\u00eb Italis\u00eb si komb, duke krijuar kolon\u00ebn zanor\u00eb t\u00eb Rilindjes italiane. Aria \u201cVa\u2019 Pensiero\u201d e oper\u00ebs \u201cNabucco\u201d u b\u00eb himni patriotik kund\u00ebr pushtuesit autriak dhe Verdi ishte nd\u00ebr deputet\u00ebt e par\u00eb t\u00eb Italis\u00eb s\u00eb Bashkuar pas vitit 1861, nj\u00ebkoh\u00ebsisht ndjek\u00ebs i Mazzini-t dhe Italis\u00eb s\u00eb Re. Krijimet e tij u njoh\u00ebn nga t\u00eb gjith\u00eb, jo vet\u00ebm nga borgjezia por edhe nga populli. N\u00eb vendlindjen e tij, n\u00eb bujtinat e zon\u00ebs s\u00eb Parm\u00ebs, k\u00ebndohet Verdi p\u00ebrpara se t\u00eb duartrokiten veprat e tij n\u00eb teatrin Regio t\u00eb qytetit. <BR>P\u00ebr t\u00eb festuar Dyqind Vjetorin e lindjes s\u00eb Mjelm\u00ebs s\u00eb Busseto-s n\u00eb rang shkollor, Zyra p\u00ebr Bashk\u00ebpunimin Shkollor e Ambasad\u00ebs s\u00eb Italis\u00eb n\u00eb Tiran\u00eb dhe Liceu Artistik \u201cJ. Misja\u201d i\u00a0 Tiran\u00ebs do t\u00eb paraqesin m\u00eb 25 prill, n\u00eb Fest\u00ebn Komb\u00ebtare t\u00eb liris\u00eb dhe \u00e7lirimit komb\u00ebtar, koncertin VERDI, Bashk\u00ebkoh\u00ebsi Yn\u00eb, me Orkestr\u00ebn Sinfonie t\u00eb Liceut dhe Korin, drejtuar nga Artan Li\u00e7aj dhe Besa Ka\u00e7inari, me pjes\u00ebmarrjen e Solist\u00ebve t\u00eb Teatrit t\u00eb Operas dhe Baletit, pran\u00eb Universitetit t\u00eb Arteve, n\u00eb or\u00ebn 19.00. <\/P><P><A href=\"\/resource\/2013\/04\/25310_f_GiuseppeVerdi1.pdf\">FTESA DHE PROGRAMI<\/A>\u00a0<\/P><br \/>\n<P><BR>\u00a0<BR><\/P><\/p>\n","protected":false},"excerpt":{"rendered":"Zyra p\u00ebr Bashk\u00ebpunimin Shkollor e Ambasad\u00ebs s\u00eb Italis\u00eb n\u00eb Tiran\u00eb, n\u00eb kuad\u00ebr t\u00eb Marr\u00ebveshjes Iliria, organizon n\u00eb bashk\u00ebpunim me Liceun Artistik \u201cJ. Misja\u201d t\u00eb Tiran\u00ebs koncertin VERDI Bashk\u00ebkoh\u00ebsi Yn\u00eb, p\u00ebr kremtimin e Dyqind vjetorin e lindjes s\u00eb Giuseppe Verdi-t.Me gjith\u00eb largpam\u00ebsin\u00eb e tij, virtyt i modernizmit t\u00eb rall\u00eb q\u00eb p\u00ebrfaq\u00ebsonte, ndoshta as ai vet\u00eb nuk [&hellip;]","protected":false},"author":1,"featured_media":0,"comment_status":"","ping_status":"","sticky":false,"template":"","format":"standard","meta":{"footnotes":""},"tags":[],"class_list":["post-5075","post","type-post","status-publish","format-standard","hentry"],"_links":{"self":[{"href":"https:\/\/ambtirana.esteri.it\/sq\/wp-json\/wp\/v2\/posts\/5075","targetHints":{"allow":["GET"]}}],"collection":[{"href":"https:\/\/ambtirana.esteri.it\/sq\/wp-json\/wp\/v2\/posts"}],"about":[{"href":"https:\/\/ambtirana.esteri.it\/sq\/wp-json\/wp\/v2\/types\/post"}],"author":[{"embeddable":true,"href":"https:\/\/ambtirana.esteri.it\/sq\/wp-json\/wp\/v2\/users\/1"}],"replies":[{"embeddable":true,"href":"https:\/\/ambtirana.esteri.it\/sq\/wp-json\/wp\/v2\/comments?post=5075"}],"version-history":[{"count":0,"href":"https:\/\/ambtirana.esteri.it\/sq\/wp-json\/wp\/v2\/posts\/5075\/revisions"}],"wp:attachment":[{"href":"https:\/\/ambtirana.esteri.it\/sq\/wp-json\/wp\/v2\/media?parent=5075"}],"wp:term":[{"taxonomy":"post_tag","embeddable":true,"href":"https:\/\/ambtirana.esteri.it\/sq\/wp-json\/wp\/v2\/tags?post=5075"}],"curies":[{"name":"wp","href":"https:\/\/api.w.org\/{rel}","templated":true}]}}