{"id":5160,"date":"2013-03-05T11:18:23","date_gmt":"2013-03-05T10:18:23","guid":{"rendered":"https:\/\/ambtirana.esteri.it\/news\/dall_ambasciata\/2013\/03\/le-parole-di-rita-2\/"},"modified":"2013-03-05T11:18:23","modified_gmt":"2013-03-05T10:18:23","slug":"le-parole-di-rita-2","status":"publish","type":"post","link":"https:\/\/ambtirana.esteri.it\/sq\/news\/dall_ambasciata\/2013\/03\/le-parole-di-rita-2\/","title":{"rendered":"Fjal\u00ebt e Rit\u00ebs. Spektak\u00ebl teatror nga dhe me Valeria Patera."},"content":{"rendered":"<p><P>Tiran\u00eb, Teatri Komb\u00ebtar i Komedis\u00eb<BR>E premte 8 mars, ora 18.30\u00a0 <\/P><P>Instituti Italian i Kultur\u00ebs n\u00eb Tiran\u00eb ka k\u00ebnaq\u00ebsin\u00eb t\u2019ju informoj\u00eb se, me rastin e Fest\u00ebs s\u00eb Gruas, do t\u00eb shfaqet n\u00eb Tiran\u00eb spektakli Fjal\u00ebt e Rit\u00ebs dhe do t\u2019i b\u00ebj\u00eb homazh shkenc\u00ebtares s\u00eb madhe Rita Levi Montalcini\u00a0 e larguar nga jeta koh\u00ebt e fundit. <BR>Figura e Rita Levi Montalcini-t, lindur n\u00eb Torino m\u00eb 1909 dhe vdekur n\u00eb Rom\u00eb 30 dhjetorin e shkuar, do t\u00eb kujtohet m\u00eb 8 mars si paradigma e nj\u00eb gruaje t\u00eb jasht\u00ebzakonshme, dhe hebre, q\u00eb diti t\u00eb afirmohej si shkenc\u00ebtare e madhe n\u00eb nj\u00eb bot\u00eb q\u00eb i lejonte pak hap\u00ebsir\u00eb grave. <BR>Spektakli, nga dhe me Valeria Patera-n, pas nj\u00eb prezantimi n\u00eb Vlor\u00eb m\u00eb 6 mars, do t\u00eb shfaqet n\u00eb sken\u00eb t\u00eb premten m\u00eb 8 mars n\u00eb Teatrin Komb\u00ebtar t\u00eb Komedis\u00eb n\u00eb Tiran\u00eb, n\u00eb or\u00ebn 18.30.<BR>Nj\u00eb tavolin\u00eb, nj\u00eb karrige, nj\u00eb mikroskop dhe gjasht\u00eb videoklipe do t\u00eb risjellin kujtime, magji dhe pasione t\u00eb Rita Levi Montalcini-t, \u00e7mimi Nobel n\u00eb mjek\u00ebsi n\u00eb 1986-t\u00ebn.<BR>Duke marr\u00eb frym\u00ebzim nga autobiografia dhe letrat q\u00eb Rita i shkruante n\u00ebn\u00ebs dhe binjakes Paola nga Shtetet e Bashkuara , Valeria Patera ka shkruar, s\u00ebbashku me Andrea Grignolio-n, nj\u00eb spektak\u00ebl p\u00ebr t\u2019u ndjekur me tru, sy dhe vesh\u00eb, q\u00eb t\u00eb na kthej\u00eb iden\u00eb e leht\u00ebsis\u00eb dhe t\u00eb gjall\u00ebris\u00eb t\u00eb shprehura nga figura e Rita Levi Montalcini-t.<BR>Rezultati i shkrimit regjizorial t\u00eb Valeria Patera-s \u00ebsht\u00eb nj\u00eb nd\u00ebrthurje e pazakont\u00eb mes fjal\u00ebsh, imazhesh dhe tingujsh\u00a0 q\u00eb formojn\u00eb nj\u00eb portret t\u00eb papritur t\u00eb shkenc\u00ebtares t\u00eb madhe. <BR>Spektakli, n\u00eb gjuh\u00ebn italiane, do t\u00eb shoq\u00ebrohet me n\u00ebntituj p\u00ebrshkrues n\u00eb shqip.<\/P><br \/>\n<P>Valeria Patera e formuar si aktore me Dario Fo dhe Franca Rame, m\u00eb pas ka frekuentuar Shkoll\u00ebn Profesionale p\u00ebr Aktor\u00eb t\u00eb CTA\u00a0 t\u00eb Milano-s, p\u00ebr t\u2019u diplomuar m\u00eb von\u00eb n\u00eb Dramaturgji pran\u00eb Shkoll\u00ebs Civile t\u00eb Artit Dramatik Paolo Grassi t\u00eb Milano-s. \u00cbsht\u00eb diplomuar n\u00eb filozofi teoritike me Carlo Sini-n, duke mbrojtur nj\u00eb tem\u00eb mbi shkrimet e Samuel Beckett-it. Duke g\u00ebzuar nj\u00eb ekperienc\u00eb profesionale q\u00eb nga recitimi, deri te shkrimi, regjia, sjell nj\u00eb linj\u00eb ku nd\u00ebrthuren gjuh\u00eb t\u00eb ndryshme skenike, e bindur se poezia \u00ebsht\u00eb l\u00ebnda baz\u00eb p\u00ebr \u00e7do veprim artistik. Fituese e \u00c7mimit Nd\u00ebrkomb\u00ebtar Teatri i Figur\u00ebs dhe finaliste p\u00ebr \u00c7mimin e Dramaturgjis\u00eb Teatri Total.<BR>Spektakli organizohet nga Instituti Italian i Kultur\u00ebs n\u00eb Tiran\u00eb n\u00eb bashk\u00ebpunim me Teatrin Komb\u00ebtar t\u00eb Komedis\u00eb n\u00eb Tiran\u00eb dhe me Timos- Teatro Eventi.<\/P><br \/>\n<P>Teksti: Andrea Grignolio e Valeria Patera<BR>Projekt video: Valeria Spera<BR>Ndri\u00e7imi: Trui Malten<BR><\/P><\/p>\n","protected":false},"excerpt":{"rendered":"Tiran\u00eb, Teatri Komb\u00ebtar i Komedis\u00ebE premte 8 mars, ora 18.30\u00a0 Instituti Italian i Kultur\u00ebs n\u00eb Tiran\u00eb ka k\u00ebnaq\u00ebsin\u00eb t\u2019ju informoj\u00eb se, me rastin e Fest\u00ebs s\u00eb Gruas, do t\u00eb shfaqet n\u00eb Tiran\u00eb spektakli Fjal\u00ebt e Rit\u00ebs dhe do t\u2019i b\u00ebj\u00eb homazh shkenc\u00ebtares s\u00eb madhe Rita Levi Montalcini\u00a0 e larguar nga jeta koh\u00ebt e fundit. Figura [&hellip;]","protected":false},"author":1,"featured_media":0,"comment_status":"","ping_status":"","sticky":false,"template":"","format":"standard","meta":{"footnotes":""},"tags":[],"class_list":["post-5160","post","type-post","status-publish","format-standard","hentry"],"_links":{"self":[{"href":"https:\/\/ambtirana.esteri.it\/sq\/wp-json\/wp\/v2\/posts\/5160","targetHints":{"allow":["GET"]}}],"collection":[{"href":"https:\/\/ambtirana.esteri.it\/sq\/wp-json\/wp\/v2\/posts"}],"about":[{"href":"https:\/\/ambtirana.esteri.it\/sq\/wp-json\/wp\/v2\/types\/post"}],"author":[{"embeddable":true,"href":"https:\/\/ambtirana.esteri.it\/sq\/wp-json\/wp\/v2\/users\/1"}],"replies":[{"embeddable":true,"href":"https:\/\/ambtirana.esteri.it\/sq\/wp-json\/wp\/v2\/comments?post=5160"}],"version-history":[{"count":0,"href":"https:\/\/ambtirana.esteri.it\/sq\/wp-json\/wp\/v2\/posts\/5160\/revisions"}],"wp:attachment":[{"href":"https:\/\/ambtirana.esteri.it\/sq\/wp-json\/wp\/v2\/media?parent=5160"}],"wp:term":[{"taxonomy":"post_tag","embeddable":true,"href":"https:\/\/ambtirana.esteri.it\/sq\/wp-json\/wp\/v2\/tags?post=5160"}],"curies":[{"name":"wp","href":"https:\/\/api.w.org\/{rel}","templated":true}]}}