{"id":5218,"date":"2013-01-11T12:25:34","date_gmt":"2013-01-11T11:25:34","guid":{"rendered":"https:\/\/ambtirana.esteri.it\/news\/dall_ambasciata\/2013\/01\/avviso-3\/"},"modified":"2013-01-11T12:25:34","modified_gmt":"2013-01-11T11:25:34","slug":"avviso-3","status":"publish","type":"post","link":"https:\/\/ambtirana.esteri.it\/sq\/news\/dall_ambasciata\/2013\/01\/avviso-3\/","title":{"rendered":"Njoftim p\u00ebr vend pune me kontrat\u00eb t\u00eb p\u00ebrkohshme"},"content":{"rendered":"<p><P>Ambasada Italiane n\u00eb Tiran\u00eb njofton shpalljen e konkursit p\u00ebr p\u00ebrzgjedhjen e nj\u00eb asistenti administrativ pran\u00eb Zyr\u00ebs Tregtare, me kontrat\u00eb t\u00eb perkohshme gjasht\u00eb mujore. <BR>Formulari p\u00ebr t\u00eb marr\u00eb pjes\u00eb n\u00eb konkurs mund t\u00eb shkarkohet n\u00eb fund t\u00eb k\u00ebtij njoftimi dhe duhet t\u00eb d\u00ebrgohen brenda or\u00ebs 24.00 t\u00eb dat\u00ebs 21 janar 2013, n\u00eb adres\u00ebn: <BR>Ambasada Italiane n\u00eb Tiran\u00eb<BR>Rruga Papa Gjon Pali II n.2<BR>Tirana<\/P><P><A href=\"\/resource\/2013\/01\/23104_f_Bando1.pdf\">Njoftimi<\/A><\/P><br \/>\n<P><A href=\"\/resource\/2013\/01\/23105_f_DomandaPartecipazione1.doc\">Formulari<\/A><\/P><\/p>\n","protected":false},"excerpt":{"rendered":"Ambasada Italiane n\u00eb Tiran\u00eb njofton shpalljen e konkursit p\u00ebr p\u00ebrzgjedhjen e nj\u00eb asistenti administrativ pran\u00eb Zyr\u00ebs Tregtare, me kontrat\u00eb t\u00eb perkohshme gjasht\u00eb mujore. Formulari p\u00ebr t\u00eb marr\u00eb pjes\u00eb n\u00eb konkurs mund t\u00eb shkarkohet n\u00eb fund t\u00eb k\u00ebtij njoftimi dhe duhet t\u00eb d\u00ebrgohen brenda or\u00ebs 24.00 t\u00eb dat\u00ebs 21 janar 2013, n\u00eb adres\u00ebn: Ambasada Italiane n\u00eb [&hellip;]","protected":false},"author":1,"featured_media":0,"comment_status":"","ping_status":"","sticky":false,"template":"","format":"standard","meta":{"footnotes":""},"tags":[],"class_list":["post-5218","post","type-post","status-publish","format-standard","hentry"],"_links":{"self":[{"href":"https:\/\/ambtirana.esteri.it\/sq\/wp-json\/wp\/v2\/posts\/5218","targetHints":{"allow":["GET"]}}],"collection":[{"href":"https:\/\/ambtirana.esteri.it\/sq\/wp-json\/wp\/v2\/posts"}],"about":[{"href":"https:\/\/ambtirana.esteri.it\/sq\/wp-json\/wp\/v2\/types\/post"}],"author":[{"embeddable":true,"href":"https:\/\/ambtirana.esteri.it\/sq\/wp-json\/wp\/v2\/users\/1"}],"replies":[{"embeddable":true,"href":"https:\/\/ambtirana.esteri.it\/sq\/wp-json\/wp\/v2\/comments?post=5218"}],"version-history":[{"count":0,"href":"https:\/\/ambtirana.esteri.it\/sq\/wp-json\/wp\/v2\/posts\/5218\/revisions"}],"wp:attachment":[{"href":"https:\/\/ambtirana.esteri.it\/sq\/wp-json\/wp\/v2\/media?parent=5218"}],"wp:term":[{"taxonomy":"post_tag","embeddable":true,"href":"https:\/\/ambtirana.esteri.it\/sq\/wp-json\/wp\/v2\/tags?post=5218"}],"curies":[{"name":"wp","href":"https:\/\/api.w.org\/{rel}","templated":true}]}}