{"id":5608,"date":"2024-01-22T15:35:25","date_gmt":"2024-01-22T14:35:25","guid":{"rendered":"https:\/\/ambtirana.esteri.it\/?p=5608"},"modified":"2024-01-22T15:58:20","modified_gmt":"2024-01-22T14:58:20","slug":"vizita-e-kryetarit-te-qarkut-te-lombardia-s-attilio-fontana-18-19-janar-2024","status":"publish","type":"post","link":"https:\/\/ambtirana.esteri.it\/sq\/news\/dall_ambasciata\/2024\/01\/vizita-e-kryetarit-te-qarkut-te-lombardia-s-attilio-fontana-18-19-janar-2024\/","title":{"rendered":"Vizita e Kryetarit t\u00eb Qarkut t\u00eb Lombardia-s, Attilio Fontana  18 &#8211; 19 janar 2024"},"content":{"rendered":"<p><strong>NJOFTIM<\/strong><\/p>\n<p><strong>Vizita e Kryetarit t\u00eb Qarkut t\u00eb Lombardia<em>-s<\/em>, Attilio Fontana<\/strong><\/p>\n<p><strong>18 &#8211; 19 janar 2024<\/strong><\/p>\n<p><strong>\u00a0<\/strong><\/p>\n<p>M\u00eb dat\u00eb 18 dhe 19 janar, Kryetari i Qarkut t\u00eb Lombardia<em>-s<\/em>, Attilio Fontana, zhvilloi nj\u00eb vizit\u00eb n\u00eb Tiran\u00eb, s\u00eb bashku me nj\u00eb delegacion t\u00eb p\u00ebrb\u00ebr\u00eb nga Z\u00ebven\u00ebs Sekretari p\u00ebr Marr\u00ebdh\u00ebniet me Jasht\u00eb dhe ato Evropiane, Raffaele Cattaneo, Z\u00ebvend\u00ebs Kryetari i K\u00ebshillit t\u00eb Qarkut, Giacomo Cosentino, dhe Administratori i Deleguar i AREXPO, Igor De Blasio.<\/p>\n<p>Delegacioni nga Lombardia, i ardhur n\u00eb Shqip\u00ebri n\u00eb kuad\u00ebr t\u00eb nj\u00eb misioni shum\u00ebplan\u00ebsh, u prit dit\u00ebn e enjte, dat\u00eb 18 janar, nga Ambasadori Bucci, p\u00ebr nj\u00eb takim me p\u00ebrfaq\u00ebsues t\u00eb bashk\u00ebsis\u00eb sip\u00ebrmarr\u00ebse italiane n\u00eb Shqip\u00ebri dhe an\u00ebtar\u00eb t\u00eb Komisionit t\u00eb Veprimtarive Prodhuese t\u00eb Parlamentit Shqiptar.<\/p>\n<p>Gjat\u00eb dit\u00ebs s\u00eb premte, dat\u00eb 19 janar, Kryetari Fontana zhvilloi nj\u00eb takim me Kryeministrin, Edi Rama.<\/p>\n<p>\u201c<em>E ardhmja e Shqip\u00ebris\u00eb \u00ebsht\u00eb n\u00eb Evrop\u00eb dhe Lombardia d\u00ebshiron t\u2019i q\u00ebndroj\u00eb pran\u00eb asaj n\u00eb rrug\u00ebtimin drejt Bashkimit Evropian. \u00cbsht\u00eb n\u00eb interesin e t\u00eb dyja pal\u00ebve, por edhe nj\u00eb detyrim, konsolidimi i k\u00ebsaj marr\u00ebdh\u00ebnieje. Nuk mundemi as t\u00eb harrojm\u00eb ndihm\u00ebn q\u00eb na u dha gjat\u00eb pandemis\u00eb, kur komuniteti shqiptar na shtriu dor\u00ebn n\u00eb nj\u00eb moment t\u00eb v\u00ebshtir\u00eb<\/em>\u201d \u2013 deklaroi Kryetari i Qarkut t\u00eb Lombardia<em>-s<\/em>, n\u00eb fund t\u00eb takimit me Kryeministrin shqiptar.<\/p>\n<p>Gjat\u00eb takimit u vu theksi mbi t\u00ebr\u00ebsin\u00eb e dijeve dhe kompetencave q\u00eb Lombardia mund t\u2019i ofroj\u00eb sistemit shqiptar n\u00eb shum\u00eb sektor\u00eb, n\u00eb fusha si tregtia dhe investimet, turizmi, tranzicioni ekologjik, agroushqimor, n\u00eb fusha si infrastrukturat dhe zhvillimi i territorit, si edhe mbi mund\u00ebsin\u00eb p\u00ebr t\u00eb forcuar m\u00eb tej lidhjet ezksistuese jo vet\u00ebm midis universiteteve, por edhe n\u00eb nj\u00eb kuad\u00ebr m\u00eb t\u00eb gj\u00ebr\u00eb, at\u00eb t\u00eb arsimit profesional.<\/p>\n<p>Gjat\u00eb k\u00ebsaj dite t\u00eb ngjeshur me takime, Kryetari Fontana dhe delegacioni zhvilluan takime me Kryetarin e Bashkis\u00eb Tiran\u00eb, Erion Veliaj; Ministrin e Financave, Ervin Mete; Ministrin e Shtetit p\u00ebr Pushtetin Vendor, Arbjan Mazniku; Z\u00ebvend\u00ebsministen e Turizmit dhe Mjedisit, Vilma Bello; Z\u00ebvend\u00ebsministrin e Bujq\u00ebsis\u00eb dhe Zhvillimit Rural, Enio Civici; Z\u00ebvend\u00ebsministrat e Arsimit dhe Sportit, Albana Tole, Nina Guga e Endrit Hoxha.<\/p>\n<p>Vizita b\u00ebri t\u00eb mundur hulumtimin e mund\u00ebsive t\u00eb reja p\u00ebr fuqizimin e marr\u00ebdh\u00ebnieve midis Qarkut t\u00eb Lombardia<em>-s<\/em>, si Qarku me popullsin\u00eb m\u00eb t\u00eb madhe dhe ekonomin\u00eb m\u00eb t\u00eb fuqishme n\u00eb Itali &#8211; dhe Shqip\u00ebris\u00eb, marr\u00ebdh\u00ebnie n\u00eb kuad\u00ebr t\u00eb bashk\u00ebpunimit midis dy Vendeve, gjithmon\u00eb e m\u00eb t\u00eb lidhur nga pikpamja ekonomike, politike e kulturore.<\/p>\n<p>&nbsp;<\/p>\n<p>&nbsp;<\/p>\n","protected":false},"excerpt":{"rendered":"NJOFTIM Vizita e Kryetarit t\u00eb Qarkut t\u00eb Lombardia-s, Attilio Fontana 18 &#8211; 19 janar 2024 \u00a0 M\u00eb dat\u00eb 18 dhe 19 janar, Kryetari i Qarkut t\u00eb Lombardia-s, Attilio Fontana, zhvilloi nj\u00eb vizit\u00eb n\u00eb Tiran\u00eb, s\u00eb bashku me nj\u00eb delegacion t\u00eb p\u00ebrb\u00ebr\u00eb nga Z\u00ebven\u00ebs Sekretari p\u00ebr Marr\u00ebdh\u00ebniet me Jasht\u00eb dhe ato Evropiane, Raffaele Cattaneo, Z\u00ebvend\u00ebs Kryetari [&hellip;]","protected":false},"author":5,"featured_media":0,"comment_status":"closed","ping_status":"closed","sticky":false,"template":"","format":"standard","meta":{"footnotes":""},"tags":[5],"class_list":["post-5608","post","type-post","status-publish","format-standard","hentry","tag-cooperazione-allo-sviluppo"],"_links":{"self":[{"href":"https:\/\/ambtirana.esteri.it\/sq\/wp-json\/wp\/v2\/posts\/5608","targetHints":{"allow":["GET"]}}],"collection":[{"href":"https:\/\/ambtirana.esteri.it\/sq\/wp-json\/wp\/v2\/posts"}],"about":[{"href":"https:\/\/ambtirana.esteri.it\/sq\/wp-json\/wp\/v2\/types\/post"}],"author":[{"embeddable":true,"href":"https:\/\/ambtirana.esteri.it\/sq\/wp-json\/wp\/v2\/users\/5"}],"replies":[{"embeddable":true,"href":"https:\/\/ambtirana.esteri.it\/sq\/wp-json\/wp\/v2\/comments?post=5608"}],"version-history":[{"count":2,"href":"https:\/\/ambtirana.esteri.it\/sq\/wp-json\/wp\/v2\/posts\/5608\/revisions"}],"predecessor-version":[{"id":5610,"href":"https:\/\/ambtirana.esteri.it\/sq\/wp-json\/wp\/v2\/posts\/5608\/revisions\/5610"}],"wp:attachment":[{"href":"https:\/\/ambtirana.esteri.it\/sq\/wp-json\/wp\/v2\/media?parent=5608"}],"wp:term":[{"taxonomy":"post_tag","embeddable":true,"href":"https:\/\/ambtirana.esteri.it\/sq\/wp-json\/wp\/v2\/tags?post=5608"}],"curies":[{"name":"wp","href":"https:\/\/api.w.org\/{rel}","templated":true}]}}