{"id":7267,"date":"2025-03-12T11:28:34","date_gmt":"2025-03-12T10:28:34","guid":{"rendered":"https:\/\/ambtirana.esteri.it\/?p=7267"},"modified":"2025-03-19T16:06:28","modified_gmt":"2025-03-19T15:06:28","slug":"missione-in-albania-del-ministro-della-salute-orazio-schillaci","status":"publish","type":"post","link":"https:\/\/ambtirana.esteri.it\/sq\/news\/dall_ambasciata\/2025\/03\/missione-in-albania-del-ministro-della-salute-orazio-schillaci\/","title":{"rendered":"Misioni n\u00eb Shqip\u00ebri i Ministrit t\u00eb Sh\u00ebndet\u00ebsis\u00eb, Orazio Schillaci"},"content":{"rendered":"<p>N\u00eb datat 10 dhe 11 mars, Ministri i Sh\u00ebndet\u00ebsis\u00eb, Orazio Schillaci, kreu nj\u00eb vizit\u00eb n\u00eb Tiran\u00eb me q\u00ebllim forcimin e bashk\u00ebpunimit midis Italis\u00eb dhe Shqip\u00ebris\u00eb n\u00eb sektorin e sh\u00ebndetit publik. Ministri u prit nga homologia e tij, Ministrja e Sh\u00ebndet\u00ebsis\u00eb dhe Mbrojtjes Sociale, Albana Ko\u00e7iu, me t\u00eb cil\u00ebn u disktuan \u00e7\u00ebshtje t\u00eb ndryshme me r\u00ebnd\u00ebsi t\u00eb ve\u00e7ant\u00eb.<\/p>\n<p>T\u00eb dy Ministrat kryen gjithashtu nj\u00eb vizit\u00eb pran\u00eb Spitalit Gjinekologjik \u201cKo\u00e7o Gliozheni\u201d n\u00eb Tiran\u00eb ku, krahas tre spitaleve t\u00eb tjera n\u00eb Vend, Agjencia Italiane e Bashk\u00ebpunimit p\u00ebr Zhvillim do t\u00eb kryej\u00eb punime n\u00eb mb\u00ebshtetje t\u00eb reparteve t\u00eb neonatologjis\u00eb.<\/p>\n<p>Dy Ministrat vizituan edhe Universitetin e Mjek\u00ebsis\u00eb Tiran\u00eb ku, gjat\u00eb bised\u00ebs s\u00eb zhvilluar me pedagog\u00eb e student\u00eb n\u00eb auditorin \u201cGalileo Galilei\u201d, theksuan angazhimin p\u00ebr t\u00eb forcuar m\u00eb tej lidhjet tashm\u00eb t\u00eb ngushta n\u00eb bashk\u00ebpunimin akademik e shkencor midis dy Vendeve.<\/p>\n<p>N\u00eb p\u00ebrfundim t\u00eb vizit\u00ebs Ministri pati mund\u00ebsin\u00eb t\u00eb shihte nga af\u00ebr Spitalit Zoja e K\u00ebshillit t\u00eb Mir\u00eb, struktur\u00eb krejt\u00ebsisht italiane.<\/p>\n","protected":false},"excerpt":{"rendered":"N\u00eb datat 10 dhe 11 mars, Ministri i Sh\u00ebndet\u00ebsis\u00eb, Orazio Schillaci, kreu nj\u00eb vizit\u00eb n\u00eb Tiran\u00eb me q\u00ebllim forcimin e bashk\u00ebpunimit midis Italis\u00eb dhe Shqip\u00ebris\u00eb n\u00eb sektorin e sh\u00ebndetit publik. Ministri u prit nga homologia e tij, Ministrja e Sh\u00ebndet\u00ebsis\u00eb dhe Mbrojtjes Sociale, Albana Ko\u00e7iu, me t\u00eb cil\u00ebn u disktuan \u00e7\u00ebshtje t\u00eb ndryshme me r\u00ebnd\u00ebsi [&hellip;]","protected":false},"author":5,"featured_media":7273,"comment_status":"closed","ping_status":"closed","sticky":false,"template":"","format":"standard","meta":{"footnotes":""},"tags":[5],"class_list":["post-7267","post","type-post","status-publish","format-standard","has-post-thumbnail","hentry","tag-cooperazione-allo-sviluppo"],"_links":{"self":[{"href":"https:\/\/ambtirana.esteri.it\/sq\/wp-json\/wp\/v2\/posts\/7267","targetHints":{"allow":["GET"]}}],"collection":[{"href":"https:\/\/ambtirana.esteri.it\/sq\/wp-json\/wp\/v2\/posts"}],"about":[{"href":"https:\/\/ambtirana.esteri.it\/sq\/wp-json\/wp\/v2\/types\/post"}],"author":[{"embeddable":true,"href":"https:\/\/ambtirana.esteri.it\/sq\/wp-json\/wp\/v2\/users\/5"}],"replies":[{"embeddable":true,"href":"https:\/\/ambtirana.esteri.it\/sq\/wp-json\/wp\/v2\/comments?post=7267"}],"version-history":[{"count":3,"href":"https:\/\/ambtirana.esteri.it\/sq\/wp-json\/wp\/v2\/posts\/7267\/revisions"}],"predecessor-version":[{"id":7289,"href":"https:\/\/ambtirana.esteri.it\/sq\/wp-json\/wp\/v2\/posts\/7267\/revisions\/7289"}],"wp:featuredmedia":[{"embeddable":true,"href":"https:\/\/ambtirana.esteri.it\/sq\/wp-json\/wp\/v2\/media\/7273"}],"wp:attachment":[{"href":"https:\/\/ambtirana.esteri.it\/sq\/wp-json\/wp\/v2\/media?parent=7267"}],"wp:term":[{"taxonomy":"post_tag","embeddable":true,"href":"https:\/\/ambtirana.esteri.it\/sq\/wp-json\/wp\/v2\/tags?post=7267"}],"curies":[{"name":"wp","href":"https:\/\/api.w.org\/{rel}","templated":true}]}}