{"id":8194,"date":"2025-10-07T15:24:27","date_gmt":"2025-10-07T13:24:27","guid":{"rendered":"https:\/\/ambtirana.esteri.it\/?p=8194"},"modified":"2025-10-07T15:50:56","modified_gmt":"2025-10-07T13:50:56","slug":"deklarate","status":"publish","type":"post","link":"https:\/\/ambtirana.esteri.it\/sq\/news\/dall_ambasciata\/2025\/10\/deklarate\/","title":{"rendered":"Deklarat\u00eb"},"content":{"rendered":"<p class=\"null\" style=\"margin: 0cm; text-align: justify;\">Ambasada e Italis\u00eb, e tronditur p\u00ebr vrasjen e gjyqtarit Astrit Kalaja n\u00eb sall\u00ebn e gjyqit, i shpreh ngush\u00ebllimet familjes s\u00eb tij p\u00ebr k\u00ebt\u00eb humbje t\u00eb madhe.<\/p>\n<p class=\"null\" style=\"margin: 0cm; text-align: justify;\">Ambasada solidarizohet gjithashtu me trup\u00ebn e magjistrat\u00ebve dhe punonj\u00ebsve t\u00eb drejt\u00ebsis\u00eb n\u00eb Shqip\u00ebri q\u00eb, me angazhim e p\u00ebrkushtim, punojn\u00eb \u00e7do dit\u00eb p\u00ebr t\u00eb garantuar nj\u00eb Shtet t\u00eb s\u00eb drejt\u00ebs t\u00eb fort\u00eb e t\u00eb besuesh\u00ebm.<\/p>\n<p class=\"null\" style=\"margin: 0cm; text-align: justify;\">Ambasada konfirmon mb\u00ebshtetjen ndaj reform\u00ebs n\u00eb drejt\u00ebsi n\u00eb Shqip\u00ebri n\u00eb rrug\u00ebtimin e saj t\u00eb p\u00ebrafrimit me standartet evropiane, objektiva thelb\u00ebsor\u00eb p\u00ebr stabilitetin, sigurin\u00eb dhe besimin n\u00eb drejt\u00ebsi.<\/p>\n","protected":false},"excerpt":{"rendered":"Ambasada e Italis\u00eb, e tronditur p\u00ebr vrasjen e gjyqtarit Astrit Kalaja n\u00eb sall\u00ebn e gjyqit, i shpreh ngush\u00ebllimet familjes s\u00eb tij p\u00ebr k\u00ebt\u00eb humbje t\u00eb madhe. Ambasada solidarizohet gjithashtu me trup\u00ebn e magjistrat\u00ebve dhe punonj\u00ebsve t\u00eb drejt\u00ebsis\u00eb n\u00eb Shqip\u00ebri q\u00eb, me angazhim e p\u00ebrkushtim, punojn\u00eb \u00e7do dit\u00eb p\u00ebr t\u00eb garantuar nj\u00eb Shtet t\u00eb s\u00eb drejt\u00ebs [&hellip;]","protected":false},"author":5,"featured_media":0,"comment_status":"closed","ping_status":"closed","sticky":false,"template":"","format":"standard","meta":{"footnotes":""},"tags":[],"class_list":["post-8194","post","type-post","status-publish","format-standard","hentry"],"_links":{"self":[{"href":"https:\/\/ambtirana.esteri.it\/sq\/wp-json\/wp\/v2\/posts\/8194","targetHints":{"allow":["GET"]}}],"collection":[{"href":"https:\/\/ambtirana.esteri.it\/sq\/wp-json\/wp\/v2\/posts"}],"about":[{"href":"https:\/\/ambtirana.esteri.it\/sq\/wp-json\/wp\/v2\/types\/post"}],"author":[{"embeddable":true,"href":"https:\/\/ambtirana.esteri.it\/sq\/wp-json\/wp\/v2\/users\/5"}],"replies":[{"embeddable":true,"href":"https:\/\/ambtirana.esteri.it\/sq\/wp-json\/wp\/v2\/comments?post=8194"}],"version-history":[{"count":6,"href":"https:\/\/ambtirana.esteri.it\/sq\/wp-json\/wp\/v2\/posts\/8194\/revisions"}],"predecessor-version":[{"id":8206,"href":"https:\/\/ambtirana.esteri.it\/sq\/wp-json\/wp\/v2\/posts\/8194\/revisions\/8206"}],"wp:attachment":[{"href":"https:\/\/ambtirana.esteri.it\/sq\/wp-json\/wp\/v2\/media?parent=8194"}],"wp:term":[{"taxonomy":"post_tag","embeddable":true,"href":"https:\/\/ambtirana.esteri.it\/sq\/wp-json\/wp\/v2\/tags?post=8194"}],"curies":[{"name":"wp","href":"https:\/\/api.w.org\/{rel}","templated":true}]}}