{"id":8254,"date":"2025-10-23T14:48:56","date_gmt":"2025-10-23T12:48:56","guid":{"rendered":"https:\/\/ambtirana.esteri.it\/?p=8254"},"modified":"2025-10-23T15:01:15","modified_gmt":"2025-10-23T13:01:15","slug":"takim-i-ambasadorit-marco-alberti-me-ministren-e-shendetesise-dhe-mireqenies-sociale-evis-sala","status":"publish","type":"post","link":"https:\/\/ambtirana.esteri.it\/sq\/news\/dall_ambasciata\/2025\/10\/takim-i-ambasadorit-marco-alberti-me-ministren-e-shendetesise-dhe-mireqenies-sociale-evis-sala\/","title":{"rendered":"Takim i Ambasadorit Marco Alberti me Ministren e Sh\u00ebndet\u00ebsis\u00eb dhe Mir\u00ebqenies Sociale, Evis Sala"},"content":{"rendered":"<p>Ambasadori i Italis\u00eb Marco Alberti pati nj\u00eb takim me Ministren e Sh\u00ebndet\u00ebsis\u00eb dhe Mir\u00ebqenies Sociale, Evis Sala, gjat\u00eb t\u00eb cilit u shk\u00ebmbyen k\u00ebndv\u00ebshtrime mbi mund\u00ebsit\u00eb e bashk\u00ebpunimit, mes dy Vendeve, n\u00eb sektorin e sh\u00ebndet\u00ebsis\u00eb e at\u00eb social. U theksua roli i r\u00ebnd\u00ebsish\u00ebm i Bashk\u00ebpunimit Italian p\u00ebr Zhvillim n\u00eb mb\u00ebshtetjen ndaj sektorit t\u00eb sh\u00ebndet\u00ebsis\u00eb n\u00eb Shqip\u00ebri, n\u00ebp\u00ebrmjet projekteve n\u00eb realizim e sip\u00ebr e atyre t\u00eb ardhshme. U vu gjithashtu theksi n\u00eb faktin se sh\u00ebndet\u00ebsia \u00ebsht\u00eb tashm\u00eb nj\u00eb fush\u00eb n\u00eb t\u00eb cil\u00ebn sektori publik e ai privat mund t\u00eb bashk\u00ebjetojn\u00eb n\u00eb kuad\u00ebr t\u00eb rritjes s\u00eb standarteve n\u00eb dobi t\u00eb shtetasve.<\/p>\n","protected":false},"excerpt":{"rendered":"Ambasadori i Italis\u00eb Marco Alberti pati nj\u00eb takim me Ministren e Sh\u00ebndet\u00ebsis\u00eb dhe Mir\u00ebqenies Sociale, Evis Sala, gjat\u00eb t\u00eb cilit u shk\u00ebmbyen k\u00ebndv\u00ebshtrime mbi mund\u00ebsit\u00eb e bashk\u00ebpunimit, mes dy Vendeve, n\u00eb sektorin e sh\u00ebndet\u00ebsis\u00eb e at\u00eb social. U theksua roli i r\u00ebnd\u00ebsish\u00ebm i Bashk\u00ebpunimit Italian p\u00ebr Zhvillim n\u00eb mb\u00ebshtetjen ndaj sektorit t\u00eb sh\u00ebndet\u00ebsis\u00eb n\u00eb Shqip\u00ebri, [&hellip;]","protected":false},"author":5,"featured_media":8247,"comment_status":"closed","ping_status":"closed","sticky":false,"template":"","format":"standard","meta":{"footnotes":""},"tags":[],"class_list":["post-8254","post","type-post","status-publish","format-standard","has-post-thumbnail","hentry"],"_links":{"self":[{"href":"https:\/\/ambtirana.esteri.it\/sq\/wp-json\/wp\/v2\/posts\/8254","targetHints":{"allow":["GET"]}}],"collection":[{"href":"https:\/\/ambtirana.esteri.it\/sq\/wp-json\/wp\/v2\/posts"}],"about":[{"href":"https:\/\/ambtirana.esteri.it\/sq\/wp-json\/wp\/v2\/types\/post"}],"author":[{"embeddable":true,"href":"https:\/\/ambtirana.esteri.it\/sq\/wp-json\/wp\/v2\/users\/5"}],"replies":[{"embeddable":true,"href":"https:\/\/ambtirana.esteri.it\/sq\/wp-json\/wp\/v2\/comments?post=8254"}],"version-history":[{"count":1,"href":"https:\/\/ambtirana.esteri.it\/sq\/wp-json\/wp\/v2\/posts\/8254\/revisions"}],"predecessor-version":[{"id":8255,"href":"https:\/\/ambtirana.esteri.it\/sq\/wp-json\/wp\/v2\/posts\/8254\/revisions\/8255"}],"wp:featuredmedia":[{"embeddable":true,"href":"https:\/\/ambtirana.esteri.it\/sq\/wp-json\/wp\/v2\/media\/8247"}],"wp:attachment":[{"href":"https:\/\/ambtirana.esteri.it\/sq\/wp-json\/wp\/v2\/media?parent=8254"}],"wp:term":[{"taxonomy":"post_tag","embeddable":true,"href":"https:\/\/ambtirana.esteri.it\/sq\/wp-json\/wp\/v2\/tags?post=8254"}],"curies":[{"name":"wp","href":"https:\/\/api.w.org\/{rel}","templated":true}]}}